{"id":1713,"date":"2021-11-30T09:00:47","date_gmt":"2021-11-30T12:00:47","guid":{"rendered":"https:\/\/gentell.com.br\/?p=1713"},"modified":"2022-01-20T17:43:44","modified_gmt":"2022-01-20T20:43:44","slug":"estomizados-precisam-restringir-a-alimentacao","status":"publish","type":"post","link":"https:\/\/gentell.com.br\/en\/estomizados-precisam-restringir-a-alimentacao\/","title":{"rendered":"Estomizados precisam restringir a alimenta\u00e7\u00e3o?"},"content":{"rendered":"<p><span style=\"font-weight: 400;\">As festas de fim de ano est\u00e3o chegando e n\u00e3o tem como escapar das comidas festivas dessa \u00e9poca. Mas ser\u00e1 que pessoas com estoma precisam se restringir a alimenta\u00e7\u00e3o?\u00a0<\/span><\/p>\n<p><span style=\"font-weight: 400;\">As <strong>doen\u00e7as inflamat\u00f3rias intestinais<\/strong> ainda n\u00e3o t\u00eam causa definida, mas estudos indicam que elas podem estar relacionadas a fatores como consumo exagerado de comidas industrializadas e com alto \u00edndice de gordura, al\u00e9m de quest\u00f5es heredit\u00e1rias e imunol\u00f3gicas.<\/span><\/p>\n<p>&nbsp;<\/p>\n<p><span style=\"font-weight: 400;\">As pessoas com estoma podem aproveitar tudo e sem precisar restringir a alimenta\u00e7\u00e3o. Por\u00e9m \u00e9 necess\u00e1rio ficar atento para n\u00e3o extrapolar na quantidade de certos alimentos, como carnes processadas, sobremesas com muito a\u00e7\u00facar,\u00a0 frutas constipantes (p\u00eassego, frutas secas e ameixa s\u00e3o comuns em pratos natalinos) produtos industrializados e \u00e1lcool &#8211; volume ingerido em demasia pode ocasionar tais problemas intestinais.\u00a0<\/span><\/p>\n<p><span style=\"font-weight: 400;\">Alimenta\u00e7\u00e3o saud\u00e1vel n\u00e3o \u00e9 apenas comer mais frutas e verduras, mas uma s\u00e9rie de fatores que influenciam a alimenta\u00e7\u00e3o, que a tornam mais saud\u00e1vel. Este tipo de alimenta\u00e7\u00e3o est\u00e1 ligado ao equil\u00edbrio e \u00e0 variedade da dieta, que \u00e9 composta por prote\u00ednas, gorduras, carboidratos, fibras, c\u00e1lcio e minerais, al\u00e9m de rica em vitaminas.<\/span><\/p>\n<p><span style=\"font-weight: 400;\">Para quem pode utilizar bolsa fechada em decorr\u00eancia da estoma intestinal, ao lado esquerdo do abdome, a orienta\u00e7\u00e3o \u00e9 que sempre levem consigo bolsa extra, para o caso do mal funcionamento inesperado. As bolsas fechadas v\u00eam com filtro de carv\u00e3o e sua performance est\u00e1 intimamente ligada \u00e0 preserva\u00e7\u00e3o do filtro seco.\u00a0<\/span><\/p>\n<p><span style=\"font-weight: 400;\">O per\u00edodo entre Natal e Ano-novo \u00e9 um momento de descontra\u00e7\u00e3o mas sem exageros. Deve-se maneirar no volume ingerido, mas n\u00e3o deixar de festejar e se divertir!<\/span><\/p>\n<p><span style=\"font-weight: 400;\"><em>Gostou das dicas?<\/em> Caso ainda tenha alguma d\u00favida, entre em contato conosco pelo n\u00famero gratuito <strong>0800-643-8672 <\/strong>e conhe\u00e7a nossos <a href=\"https:\/\/gentell.com.br\/en\/saiba-quais-sao-os-produtos-de-estomia-que-voce-deve-conhecer\/\">produtos<\/a><strong>!<\/strong><\/span><\/p>\n<h3 class=\"elementor-heading-title elementor-size-default\"><a href=\"https:\/\/www.instagram.com\/casexmedical\/\"><b>Casex | Innovation in Healthcare.<\/b><\/a><\/h3>","protected":false},"excerpt":{"rendered":"<p>As festas de fim de ano est\u00e3o chegando e n\u00e3o tem como escapar das comidas festivas dessa \u00e9poca. Mas ser\u00e1 que pessoas com estoma precisam se restringir a alimenta\u00e7\u00e3o?\u00a0 As doen\u00e7as inflamat\u00f3rias intestinais ainda n\u00e3o t\u00eam causa definida, mas estudos indicam que elas podem estar relacionadas a fatores como consumo exagerado de comidas industrializadas e [&hellip;]<\/p>","protected":false},"author":4,"featured_media":1714,"comment_status":"open","ping_status":"open","sticky":false,"template":"","format":"standard","meta":{"footnotes":""},"categories":[7],"tags":[58,59,22,51,52,42],"class_list":["post-1713","post","type-post","status-publish","format-standard","has-post-thumbnail","hentry","category-noticias","tag-alimentacao","tag-bolsa-de-colostomia","tag-casex","tag-cuidados","tag-equipamento-coletor","tag-estomizado"],"acf":[],"yoast_head":"<!-- This site is optimized with the Yoast SEO plugin v27.4 - https:\/\/yoast.com\/product\/yoast-seo-wordpress\/ -->\n<title>Estomizados precisam restringir a alimenta\u00e7\u00e3o? - Gentell | We make it better<\/title>\n<meta name=\"description\" content=\"Pessoas com estoma podem aproveitar tudo sem restringir a alimenta\u00e7\u00e3o. Por\u00e9m \u00e9 necess\u00e1rio ficar atento para n\u00e3o extrapolar certos alimentos.\" \/>\n<meta name=\"robots\" content=\"index, follow, max-snippet:-1, max-image-preview:large, max-video-preview:-1\" \/>\n<link rel=\"canonical\" href=\"https:\/\/gentell.com.br\/en\/estomizados-precisam-restringir-a-alimentacao\/\" \/>\n<meta property=\"og:locale\" content=\"en_US\" \/>\n<meta property=\"og:type\" content=\"article\" \/>\n<meta property=\"og:title\" content=\"Estomizados precisam restringir a alimenta\u00e7\u00e3o? - Gentell | We make it better\" \/>\n<meta property=\"og:description\" content=\"Pessoas com estoma podem aproveitar tudo sem restringir a alimenta\u00e7\u00e3o. Por\u00e9m \u00e9 necess\u00e1rio ficar atento para n\u00e3o extrapolar certos alimentos.\" \/>\n<meta property=\"og:url\" content=\"https:\/\/gentell.com.br\/en\/estomizados-precisam-restringir-a-alimentacao\/\" \/>\n<meta property=\"og:site_name\" content=\"Gentell | We make it better\" \/>\n<meta property=\"article:published_time\" content=\"2021-11-30T12:00:47+00:00\" \/>\n<meta property=\"article:modified_time\" content=\"2022-01-20T20:43:44+00:00\" \/>\n<meta property=\"og:image\" content=\"https:\/\/gentell.com.br\/wp-content\/uploads\/2021\/11\/Estomizados-precisam-restringir-a-alimentacao-Casex.png\" \/>\n\t<meta property=\"og:image:width\" content=\"1200\" \/>\n\t<meta property=\"og:image:height\" content=\"788\" \/>\n\t<meta property=\"og:image:type\" content=\"image\/png\" \/>\n<meta name=\"author\" content=\"Bruna Gazabin\" \/>\n<meta name=\"twitter:card\" content=\"summary_large_image\" \/>\n<meta name=\"twitter:label1\" content=\"Written by\" \/>\n\t<meta name=\"twitter:data1\" content=\"Bruna Gazabin\" \/>\n\t<meta name=\"twitter:label2\" content=\"Est. reading time\" \/>\n\t<meta name=\"twitter:data2\" content=\"2 minutes\" \/>\n<script type=\"application\/ld+json\" class=\"yoast-schema-graph\">{\"@context\":\"https:\\\/\\\/schema.org\",\"@graph\":[{\"@type\":\"Article\",\"@id\":\"https:\\\/\\\/gentell.com.br\\\/estomizados-precisam-restringir-a-alimentacao\\\/#article\",\"isPartOf\":{\"@id\":\"https:\\\/\\\/gentell.com.br\\\/estomizados-precisam-restringir-a-alimentacao\\\/\"},\"author\":{\"name\":\"Bruna Gazabin\",\"@id\":\"https:\\\/\\\/gentell.com.br\\\/#\\\/schema\\\/person\\\/60cb96a4a84e1c2fb5efc13c20439301\"},\"headline\":\"Estomizados precisam restringir a alimenta\u00e7\u00e3o?\",\"datePublished\":\"2021-11-30T12:00:47+00:00\",\"dateModified\":\"2022-01-20T20:43:44+00:00\",\"mainEntityOfPage\":{\"@id\":\"https:\\\/\\\/gentell.com.br\\\/estomizados-precisam-restringir-a-alimentacao\\\/\"},\"wordCount\":321,\"commentCount\":0,\"publisher\":{\"@id\":\"https:\\\/\\\/gentell.com.br\\\/#organization\"},\"image\":{\"@id\":\"https:\\\/\\\/gentell.com.br\\\/estomizados-precisam-restringir-a-alimentacao\\\/#primaryimage\"},\"thumbnailUrl\":\"https:\\\/\\\/gentell.com.br\\\/wp-content\\\/uploads\\\/2021\\\/11\\\/Estomizados-precisam-restringir-a-alimentacao-Casex.png\",\"keywords\":[\"alimenta\u00e7\u00e3o\",\"bolsa de colostomia\",\"CASEX\",\"cuidados\",\"equipamento coletor\",\"estomizado\"],\"articleSection\":[\"Not\u00edcias\"],\"inLanguage\":\"en-US\",\"potentialAction\":[{\"@type\":\"CommentAction\",\"name\":\"Comment\",\"target\":[\"https:\\\/\\\/gentell.com.br\\\/estomizados-precisam-restringir-a-alimentacao\\\/#respond\"]}]},{\"@type\":\"WebPage\",\"@id\":\"https:\\\/\\\/gentell.com.br\\\/estomizados-precisam-restringir-a-alimentacao\\\/\",\"url\":\"https:\\\/\\\/gentell.com.br\\\/estomizados-precisam-restringir-a-alimentacao\\\/\",\"name\":\"Estomizados precisam restringir a alimenta\u00e7\u00e3o? - Gentell | We make it better\",\"isPartOf\":{\"@id\":\"https:\\\/\\\/gentell.com.br\\\/#website\"},\"primaryImageOfPage\":{\"@id\":\"https:\\\/\\\/gentell.com.br\\\/estomizados-precisam-restringir-a-alimentacao\\\/#primaryimage\"},\"image\":{\"@id\":\"https:\\\/\\\/gentell.com.br\\\/estomizados-precisam-restringir-a-alimentacao\\\/#primaryimage\"},\"thumbnailUrl\":\"https:\\\/\\\/gentell.com.br\\\/wp-content\\\/uploads\\\/2021\\\/11\\\/Estomizados-precisam-restringir-a-alimentacao-Casex.png\",\"datePublished\":\"2021-11-30T12:00:47+00:00\",\"dateModified\":\"2022-01-20T20:43:44+00:00\",\"description\":\"Pessoas com estoma podem aproveitar tudo sem restringir a alimenta\u00e7\u00e3o. Por\u00e9m \u00e9 necess\u00e1rio ficar atento para n\u00e3o extrapolar certos alimentos.\",\"breadcrumb\":{\"@id\":\"https:\\\/\\\/gentell.com.br\\\/estomizados-precisam-restringir-a-alimentacao\\\/#breadcrumb\"},\"inLanguage\":\"en-US\",\"potentialAction\":[{\"@type\":\"ReadAction\",\"target\":[\"https:\\\/\\\/gentell.com.br\\\/estomizados-precisam-restringir-a-alimentacao\\\/\"]}]},{\"@type\":\"ImageObject\",\"inLanguage\":\"en-US\",\"@id\":\"https:\\\/\\\/gentell.com.br\\\/estomizados-precisam-restringir-a-alimentacao\\\/#primaryimage\",\"url\":\"https:\\\/\\\/gentell.com.br\\\/wp-content\\\/uploads\\\/2021\\\/11\\\/Estomizados-precisam-restringir-a-alimentacao-Casex.png\",\"contentUrl\":\"https:\\\/\\\/gentell.com.br\\\/wp-content\\\/uploads\\\/2021\\\/11\\\/Estomizados-precisam-restringir-a-alimentacao-Casex.png\",\"width\":1200,\"height\":788,\"caption\":\"Estomizados precisam restringir a alimenta\u00e7\u00e3o?\"},{\"@type\":\"BreadcrumbList\",\"@id\":\"https:\\\/\\\/gentell.com.br\\\/estomizados-precisam-restringir-a-alimentacao\\\/#breadcrumb\",\"itemListElement\":[{\"@type\":\"ListItem\",\"position\":1,\"name\":\"In\u00edcio\",\"item\":\"https:\\\/\\\/gentell.com.br\\\/\"},{\"@type\":\"ListItem\",\"position\":2,\"name\":\"Estomizados precisam restringir a alimenta\u00e7\u00e3o?\"}]},{\"@type\":\"WebSite\",\"@id\":\"https:\\\/\\\/gentell.com.br\\\/#website\",\"url\":\"https:\\\/\\\/gentell.com.br\\\/\",\"name\":\"Gentell | We make it better\",\"description\":\"Bolsa de Colostomia, Curativos e Acess\u00f3rios\",\"publisher\":{\"@id\":\"https:\\\/\\\/gentell.com.br\\\/#organization\"},\"potentialAction\":[{\"@type\":\"SearchAction\",\"target\":{\"@type\":\"EntryPoint\",\"urlTemplate\":\"https:\\\/\\\/gentell.com.br\\\/?s={search_term_string}\"},\"query-input\":{\"@type\":\"PropertyValueSpecification\",\"valueRequired\":true,\"valueName\":\"search_term_string\"}}],\"inLanguage\":\"en-US\"},{\"@type\":\"Organization\",\"@id\":\"https:\\\/\\\/gentell.com.br\\\/#organization\",\"name\":\"Gentell | We make it better\",\"url\":\"https:\\\/\\\/gentell.com.br\\\/\",\"logo\":{\"@type\":\"ImageObject\",\"inLanguage\":\"en-US\",\"@id\":\"https:\\\/\\\/gentell.com.br\\\/#\\\/schema\\\/logo\\\/image\\\/\",\"url\":\"https:\\\/\\\/gentell.com.br\\\/wp-content\\\/uploads\\\/2021\\\/03\\\/Gentell-Logo.png\",\"contentUrl\":\"https:\\\/\\\/gentell.com.br\\\/wp-content\\\/uploads\\\/2021\\\/03\\\/Gentell-Logo.png\",\"width\":1024,\"height\":276,\"caption\":\"Gentell | We make it better\"},\"image\":{\"@id\":\"https:\\\/\\\/gentell.com.br\\\/#\\\/schema\\\/logo\\\/image\\\/\"}},{\"@type\":\"Person\",\"@id\":\"https:\\\/\\\/gentell.com.br\\\/#\\\/schema\\\/person\\\/60cb96a4a84e1c2fb5efc13c20439301\",\"name\":\"Bruna Gazabin\",\"image\":{\"@type\":\"ImageObject\",\"inLanguage\":\"en-US\",\"@id\":\"https:\\\/\\\/secure.gravatar.com\\\/avatar\\\/272d6e1c9692e036328c8ea33d3aa9e2e32919702a778782b275512e0123a0be?s=96&d=mm&r=g\",\"url\":\"https:\\\/\\\/secure.gravatar.com\\\/avatar\\\/272d6e1c9692e036328c8ea33d3aa9e2e32919702a778782b275512e0123a0be?s=96&d=mm&r=g\",\"contentUrl\":\"https:\\\/\\\/secure.gravatar.com\\\/avatar\\\/272d6e1c9692e036328c8ea33d3aa9e2e32919702a778782b275512e0123a0be?s=96&d=mm&r=g\",\"caption\":\"Bruna Gazabin\"},\"url\":\"https:\\\/\\\/gentell.com.br\\\/en\\\/author\\\/bruna-gazabin\\\/\"}]}<\/script>\n<!-- \/ Yoast SEO plugin. -->","yoast_head_json":{"title":"Estomizados precisam restringir a alimenta\u00e7\u00e3o? - Gentell | We make it better","description":"Pessoas com estoma podem aproveitar tudo sem restringir a alimenta\u00e7\u00e3o. Por\u00e9m \u00e9 necess\u00e1rio ficar atento para n\u00e3o extrapolar certos alimentos.","robots":{"index":"index","follow":"follow","max-snippet":"max-snippet:-1","max-image-preview":"max-image-preview:large","max-video-preview":"max-video-preview:-1"},"canonical":"https:\/\/gentell.com.br\/en\/estomizados-precisam-restringir-a-alimentacao\/","og_locale":"en_US","og_type":"article","og_title":"Estomizados precisam restringir a alimenta\u00e7\u00e3o? - Gentell | We make it better","og_description":"Pessoas com estoma podem aproveitar tudo sem restringir a alimenta\u00e7\u00e3o. Por\u00e9m \u00e9 necess\u00e1rio ficar atento para n\u00e3o extrapolar certos alimentos.","og_url":"https:\/\/gentell.com.br\/en\/estomizados-precisam-restringir-a-alimentacao\/","og_site_name":"Gentell | We make it better","article_published_time":"2021-11-30T12:00:47+00:00","article_modified_time":"2022-01-20T20:43:44+00:00","og_image":[{"width":1200,"height":788,"url":"https:\/\/gentell.com.br\/wp-content\/uploads\/2021\/11\/Estomizados-precisam-restringir-a-alimentacao-Casex.png","type":"image\/png"}],"author":"Bruna Gazabin","twitter_card":"summary_large_image","twitter_misc":{"Written by":"Bruna Gazabin","Est. reading time":"2 minutes"},"schema":{"@context":"https:\/\/schema.org","@graph":[{"@type":"Article","@id":"https:\/\/gentell.com.br\/estomizados-precisam-restringir-a-alimentacao\/#article","isPartOf":{"@id":"https:\/\/gentell.com.br\/estomizados-precisam-restringir-a-alimentacao\/"},"author":{"name":"Bruna Gazabin","@id":"https:\/\/gentell.com.br\/#\/schema\/person\/60cb96a4a84e1c2fb5efc13c20439301"},"headline":"Estomizados precisam restringir a alimenta\u00e7\u00e3o?","datePublished":"2021-11-30T12:00:47+00:00","dateModified":"2022-01-20T20:43:44+00:00","mainEntityOfPage":{"@id":"https:\/\/gentell.com.br\/estomizados-precisam-restringir-a-alimentacao\/"},"wordCount":321,"commentCount":0,"publisher":{"@id":"https:\/\/gentell.com.br\/#organization"},"image":{"@id":"https:\/\/gentell.com.br\/estomizados-precisam-restringir-a-alimentacao\/#primaryimage"},"thumbnailUrl":"https:\/\/gentell.com.br\/wp-content\/uploads\/2021\/11\/Estomizados-precisam-restringir-a-alimentacao-Casex.png","keywords":["alimenta\u00e7\u00e3o","bolsa de colostomia","CASEX","cuidados","equipamento coletor","estomizado"],"articleSection":["Not\u00edcias"],"inLanguage":"en-US","potentialAction":[{"@type":"CommentAction","name":"Comment","target":["https:\/\/gentell.com.br\/estomizados-precisam-restringir-a-alimentacao\/#respond"]}]},{"@type":"WebPage","@id":"https:\/\/gentell.com.br\/estomizados-precisam-restringir-a-alimentacao\/","url":"https:\/\/gentell.com.br\/estomizados-precisam-restringir-a-alimentacao\/","name":"Estomizados precisam restringir a alimenta\u00e7\u00e3o? - Gentell | We make it better","isPartOf":{"@id":"https:\/\/gentell.com.br\/#website"},"primaryImageOfPage":{"@id":"https:\/\/gentell.com.br\/estomizados-precisam-restringir-a-alimentacao\/#primaryimage"},"image":{"@id":"https:\/\/gentell.com.br\/estomizados-precisam-restringir-a-alimentacao\/#primaryimage"},"thumbnailUrl":"https:\/\/gentell.com.br\/wp-content\/uploads\/2021\/11\/Estomizados-precisam-restringir-a-alimentacao-Casex.png","datePublished":"2021-11-30T12:00:47+00:00","dateModified":"2022-01-20T20:43:44+00:00","description":"Pessoas com estoma podem aproveitar tudo sem restringir a alimenta\u00e7\u00e3o. Por\u00e9m \u00e9 necess\u00e1rio ficar atento para n\u00e3o extrapolar certos alimentos.","breadcrumb":{"@id":"https:\/\/gentell.com.br\/estomizados-precisam-restringir-a-alimentacao\/#breadcrumb"},"inLanguage":"en-US","potentialAction":[{"@type":"ReadAction","target":["https:\/\/gentell.com.br\/estomizados-precisam-restringir-a-alimentacao\/"]}]},{"@type":"ImageObject","inLanguage":"en-US","@id":"https:\/\/gentell.com.br\/estomizados-precisam-restringir-a-alimentacao\/#primaryimage","url":"https:\/\/gentell.com.br\/wp-content\/uploads\/2021\/11\/Estomizados-precisam-restringir-a-alimentacao-Casex.png","contentUrl":"https:\/\/gentell.com.br\/wp-content\/uploads\/2021\/11\/Estomizados-precisam-restringir-a-alimentacao-Casex.png","width":1200,"height":788,"caption":"Estomizados precisam restringir a alimenta\u00e7\u00e3o?"},{"@type":"BreadcrumbList","@id":"https:\/\/gentell.com.br\/estomizados-precisam-restringir-a-alimentacao\/#breadcrumb","itemListElement":[{"@type":"ListItem","position":1,"name":"In\u00edcio","item":"https:\/\/gentell.com.br\/"},{"@type":"ListItem","position":2,"name":"Estomizados precisam restringir a alimenta\u00e7\u00e3o?"}]},{"@type":"WebSite","@id":"https:\/\/gentell.com.br\/#website","url":"https:\/\/gentell.com.br\/","name":"Gentell | We make it better","description":"Bolsa de Colostomia, Curativos e Acess\u00f3rios","publisher":{"@id":"https:\/\/gentell.com.br\/#organization"},"potentialAction":[{"@type":"SearchAction","target":{"@type":"EntryPoint","urlTemplate":"https:\/\/gentell.com.br\/?s={search_term_string}"},"query-input":{"@type":"PropertyValueSpecification","valueRequired":true,"valueName":"search_term_string"}}],"inLanguage":"en-US"},{"@type":"Organization","@id":"https:\/\/gentell.com.br\/#organization","name":"Gentell | We make it better","url":"https:\/\/gentell.com.br\/","logo":{"@type":"ImageObject","inLanguage":"en-US","@id":"https:\/\/gentell.com.br\/#\/schema\/logo\/image\/","url":"https:\/\/gentell.com.br\/wp-content\/uploads\/2021\/03\/Gentell-Logo.png","contentUrl":"https:\/\/gentell.com.br\/wp-content\/uploads\/2021\/03\/Gentell-Logo.png","width":1024,"height":276,"caption":"Gentell | We make it better"},"image":{"@id":"https:\/\/gentell.com.br\/#\/schema\/logo\/image\/"}},{"@type":"Person","@id":"https:\/\/gentell.com.br\/#\/schema\/person\/60cb96a4a84e1c2fb5efc13c20439301","name":"Bruna Gazabin","image":{"@type":"ImageObject","inLanguage":"en-US","@id":"https:\/\/secure.gravatar.com\/avatar\/272d6e1c9692e036328c8ea33d3aa9e2e32919702a778782b275512e0123a0be?s=96&d=mm&r=g","url":"https:\/\/secure.gravatar.com\/avatar\/272d6e1c9692e036328c8ea33d3aa9e2e32919702a778782b275512e0123a0be?s=96&d=mm&r=g","contentUrl":"https:\/\/secure.gravatar.com\/avatar\/272d6e1c9692e036328c8ea33d3aa9e2e32919702a778782b275512e0123a0be?s=96&d=mm&r=g","caption":"Bruna Gazabin"},"url":"https:\/\/gentell.com.br\/en\/author\/bruna-gazabin\/"}]}},"_links":{"self":[{"href":"https:\/\/gentell.com.br\/en\/wp-json\/wp\/v2\/posts\/1713","targetHints":{"allow":["GET"]}}],"collection":[{"href":"https:\/\/gentell.com.br\/en\/wp-json\/wp\/v2\/posts"}],"about":[{"href":"https:\/\/gentell.com.br\/en\/wp-json\/wp\/v2\/types\/post"}],"author":[{"embeddable":true,"href":"https:\/\/gentell.com.br\/en\/wp-json\/wp\/v2\/users\/4"}],"replies":[{"embeddable":true,"href":"https:\/\/gentell.com.br\/en\/wp-json\/wp\/v2\/comments?post=1713"}],"version-history":[{"count":4,"href":"https:\/\/gentell.com.br\/en\/wp-json\/wp\/v2\/posts\/1713\/revisions"}],"predecessor-version":[{"id":1718,"href":"https:\/\/gentell.com.br\/en\/wp-json\/wp\/v2\/posts\/1713\/revisions\/1718"}],"wp:featuredmedia":[{"embeddable":true,"href":"https:\/\/gentell.com.br\/en\/wp-json\/wp\/v2\/media\/1714"}],"wp:attachment":[{"href":"https:\/\/gentell.com.br\/en\/wp-json\/wp\/v2\/media?parent=1713"}],"wp:term":[{"taxonomy":"category","embeddable":true,"href":"https:\/\/gentell.com.br\/en\/wp-json\/wp\/v2\/categories?post=1713"},{"taxonomy":"post_tag","embeddable":true,"href":"https:\/\/gentell.com.br\/en\/wp-json\/wp\/v2\/tags?post=1713"}],"curies":[{"name":"wp","href":"https:\/\/api.w.org\/{rel}","templated":true}]}}