{"id":2857,"date":"2026-04-24T11:58:47","date_gmt":"2026-04-24T14:58:47","guid":{"rendered":"https:\/\/gentell.com.br\/?p=2857"},"modified":"2026-04-24T11:58:47","modified_gmt":"2026-04-24T14:58:47","slug":"alimentacao-na-ostomia-equilibrio-individual-e-a-chave","status":"publish","type":"post","link":"https:\/\/gentell.com.br\/en\/alimentacao-na-ostomia-equilibrio-individual-e-a-chave\/","title":{"rendered":"Alimenta\u00e7\u00e3o na ostomia: equil\u00edbrio individual \u00e9 a chave."},"content":{"rendered":"<p><span style=\"font-weight: 400;\">Ap\u00f3s a cirurgia de estomia, a alimenta\u00e7\u00e3o passa a ser observada com mais aten\u00e7\u00e3o.<\/span><\/p>\n<p><span style=\"font-weight: 400;\">N\u00e3o existe dieta \u00fanica para todos.<\/span><span style=\"font-weight: 400;\"><br \/>\n<\/span><span style=\"font-weight: 400;\"> Cada organismo responde de maneira diferente.<\/span><\/p>\n<p><span style=\"font-weight: 400;\">O objetivo n\u00e3o \u00e9 restringir excessivamente, mas identificar padr\u00f5es que tragam conforto e estabilidade.<\/span><\/p>\n<h3><b>Pontos importantes na alimenta\u00e7\u00e3o<\/b><\/h3>\n<p><span style=\"font-weight: 400;\">Mastigar bem os alimentos.<\/span><span style=\"font-weight: 400;\"><br \/>\n<\/span><span style=\"font-weight: 400;\"> Introduzir novos alimentos gradualmente.<\/span><span style=\"font-weight: 400;\"><br \/>\n<\/span><span style=\"font-weight: 400;\"> Manter hidrata\u00e7\u00e3o adequada, especialmente na ileostomia.<\/span><span style=\"font-weight: 400;\"><br \/>\n<\/span><span style=\"font-weight: 400;\"> Observar alimentos que aumentam gases ou alteram consist\u00eancia das fezes.<\/span><\/p>\n<p><span style=\"font-weight: 400;\">O acompanhamento nutricional pode ajudar a personalizar a rotina alimentar.<\/span><\/p>\n<h3><b>Rela\u00e7\u00e3o entre alimenta\u00e7\u00e3o e qualidade de vida<\/b><\/h3>\n<p><span style=\"font-weight: 400;\">Quando a pessoa entende como o pr\u00f3prio corpo reage, reduz ansiedade e melhora o controle sobre a rotina.<\/span><\/p>\n<p><span style=\"font-weight: 400;\">Informa\u00e7\u00e3o reduz medo.<\/span><\/p>\n<h3><b>O papel da Gentell<\/b><\/h3>\n<p><span style=\"font-weight: 400;\">A Gentell incentiva o cuidado integrado, reconhecendo que nutri\u00e7\u00e3o, hidrata\u00e7\u00e3o e prote\u00e7\u00e3o cut\u00e2nea caminham juntas na jornada da ostomia.<\/span><\/p>\n<h3><b>Conclus\u00e3o<\/b><\/h3>\n<p><span style=\"font-weight: 400;\">Equil\u00edbrio alimentar \u00e9 adapta\u00e7\u00e3o consciente.<\/span><span style=\"font-weight: 400;\"><br \/>\n<\/span><span style=\"font-weight: 400;\"> Conhecer o pr\u00f3prio corpo fortalece autonomia.<\/span><\/p>\n<p><span style=\"font-weight: 400;\">Gentell \u2014 cuidado cont\u00ednuo em todas as fases da vida.<\/span><\/p>","protected":false},"excerpt":{"rendered":"<p>Ap\u00f3s a cirurgia de estomia, a alimenta\u00e7\u00e3o passa a ser observada com mais aten\u00e7\u00e3o. N\u00e3o existe dieta \u00fanica para todos. Cada organismo responde de maneira diferente. O objetivo n\u00e3o \u00e9 restringir excessivamente, mas identificar padr\u00f5es que tragam conforto e estabilidade. Pontos importantes na alimenta\u00e7\u00e3o Mastigar bem os alimentos. Introduzir novos alimentos gradualmente. Manter hidrata\u00e7\u00e3o adequada, [&hellip;]<\/p>","protected":false},"author":2,"featured_media":2858,"comment_status":"open","ping_status":"open","sticky":false,"template":"","format":"standard","meta":{"footnotes":""},"categories":[83,7,8,70,71],"tags":[],"class_list":["post-2857","post","type-post","status-publish","format-standard","has-post-thumbnail","hentry","category-enfermeiros","category-noticias","category-pacientes","category-parana","category-santa-catarina"],"acf":[],"yoast_head":"<!-- This site is optimized with the Yoast SEO plugin v27.4 - https:\/\/yoast.com\/product\/yoast-seo-wordpress\/ -->\n<title>Alimenta\u00e7\u00e3o na ostomia: equil\u00edbrio individual \u00e9 a chave. - Gentell | We make it better<\/title>\n<meta name=\"description\" content=\"Entenda como deve ser a alimenta\u00e7\u00e3o ap\u00f3s estomia, quais cuidados ajudam na adapta\u00e7\u00e3o, hidrata\u00e7\u00e3o e qualidade de vida para pessoas ostomizadas.\" \/>\n<meta name=\"robots\" content=\"index, follow, max-snippet:-1, max-image-preview:large, max-video-preview:-1\" \/>\n<link rel=\"canonical\" href=\"https:\/\/gentell.com.br\/en\/alimentacao-na-ostomia-equilibrio-individual-e-a-chave\/\" \/>\n<meta property=\"og:locale\" content=\"en_US\" \/>\n<meta property=\"og:type\" content=\"article\" \/>\n<meta property=\"og:title\" content=\"Alimenta\u00e7\u00e3o na ostomia: equil\u00edbrio individual \u00e9 a chave. - Gentell | We make it better\" \/>\n<meta property=\"og:description\" content=\"Entenda como deve ser a alimenta\u00e7\u00e3o ap\u00f3s estomia, quais cuidados ajudam na adapta\u00e7\u00e3o, hidrata\u00e7\u00e3o e qualidade de vida para pessoas ostomizadas.\" \/>\n<meta property=\"og:url\" content=\"https:\/\/gentell.com.br\/en\/alimentacao-na-ostomia-equilibrio-individual-e-a-chave\/\" \/>\n<meta property=\"og:site_name\" content=\"Gentell | We make it better\" \/>\n<meta property=\"article:published_time\" content=\"2026-04-24T14:58:47+00:00\" \/>\n<meta property=\"og:image\" content=\"https:\/\/gentell.com.br\/wp-content\/uploads\/2026\/04\/Gemini_Generated_Image_ctbtyhctbtyhctbt.png\" \/>\n\t<meta property=\"og:image:width\" content=\"1329\" \/>\n\t<meta property=\"og:image:height\" content=\"768\" \/>\n\t<meta property=\"og:image:type\" content=\"image\/png\" \/>\n<meta name=\"author\" content=\"bddb\" \/>\n<meta name=\"twitter:card\" content=\"summary_large_image\" \/>\n<meta name=\"twitter:label1\" content=\"Written by\" \/>\n\t<meta name=\"twitter:data1\" content=\"bddb\" \/>\n\t<meta name=\"twitter:label2\" content=\"Est. reading time\" \/>\n\t<meta name=\"twitter:data2\" content=\"2 minutes\" \/>\n<script type=\"application\/ld+json\" class=\"yoast-schema-graph\">{\"@context\":\"https:\\\/\\\/schema.org\",\"@graph\":[{\"@type\":\"Article\",\"@id\":\"https:\\\/\\\/gentell.com.br\\\/alimentacao-na-ostomia-equilibrio-individual-e-a-chave\\\/#article\",\"isPartOf\":{\"@id\":\"https:\\\/\\\/gentell.com.br\\\/alimentacao-na-ostomia-equilibrio-individual-e-a-chave\\\/\"},\"author\":{\"name\":\"bddb\",\"@id\":\"https:\\\/\\\/gentell.com.br\\\/#\\\/schema\\\/person\\\/6286a1c39b12e6d0a2f45531cb770640\"},\"headline\":\"Alimenta\u00e7\u00e3o na ostomia: equil\u00edbrio individual \u00e9 a chave.\",\"datePublished\":\"2026-04-24T14:58:47+00:00\",\"mainEntityOfPage\":{\"@id\":\"https:\\\/\\\/gentell.com.br\\\/alimentacao-na-ostomia-equilibrio-individual-e-a-chave\\\/\"},\"wordCount\":179,\"commentCount\":0,\"publisher\":{\"@id\":\"https:\\\/\\\/gentell.com.br\\\/#organization\"},\"image\":{\"@id\":\"https:\\\/\\\/gentell.com.br\\\/alimentacao-na-ostomia-equilibrio-individual-e-a-chave\\\/#primaryimage\"},\"thumbnailUrl\":\"https:\\\/\\\/gentell.com.br\\\/wp-content\\\/uploads\\\/2026\\\/04\\\/Gemini_Generated_Image_ctbtyhctbtyhctbt.png\",\"articleSection\":[\"Enfermeiros\",\"Not\u00edcias\",\"Pacientes\",\"Paran\u00e1\",\"Santa Catarina\"],\"inLanguage\":\"en-US\",\"potentialAction\":[{\"@type\":\"CommentAction\",\"name\":\"Comment\",\"target\":[\"https:\\\/\\\/gentell.com.br\\\/alimentacao-na-ostomia-equilibrio-individual-e-a-chave\\\/#respond\"]}]},{\"@type\":\"WebPage\",\"@id\":\"https:\\\/\\\/gentell.com.br\\\/alimentacao-na-ostomia-equilibrio-individual-e-a-chave\\\/\",\"url\":\"https:\\\/\\\/gentell.com.br\\\/alimentacao-na-ostomia-equilibrio-individual-e-a-chave\\\/\",\"name\":\"Alimenta\u00e7\u00e3o na ostomia: equil\u00edbrio individual \u00e9 a chave. - Gentell | We make it better\",\"isPartOf\":{\"@id\":\"https:\\\/\\\/gentell.com.br\\\/#website\"},\"primaryImageOfPage\":{\"@id\":\"https:\\\/\\\/gentell.com.br\\\/alimentacao-na-ostomia-equilibrio-individual-e-a-chave\\\/#primaryimage\"},\"image\":{\"@id\":\"https:\\\/\\\/gentell.com.br\\\/alimentacao-na-ostomia-equilibrio-individual-e-a-chave\\\/#primaryimage\"},\"thumbnailUrl\":\"https:\\\/\\\/gentell.com.br\\\/wp-content\\\/uploads\\\/2026\\\/04\\\/Gemini_Generated_Image_ctbtyhctbtyhctbt.png\",\"datePublished\":\"2026-04-24T14:58:47+00:00\",\"description\":\"Entenda como deve ser a alimenta\u00e7\u00e3o ap\u00f3s estomia, quais cuidados ajudam na adapta\u00e7\u00e3o, hidrata\u00e7\u00e3o e qualidade de vida para pessoas ostomizadas.\",\"breadcrumb\":{\"@id\":\"https:\\\/\\\/gentell.com.br\\\/alimentacao-na-ostomia-equilibrio-individual-e-a-chave\\\/#breadcrumb\"},\"inLanguage\":\"en-US\",\"potentialAction\":[{\"@type\":\"ReadAction\",\"target\":[\"https:\\\/\\\/gentell.com.br\\\/alimentacao-na-ostomia-equilibrio-individual-e-a-chave\\\/\"]}]},{\"@type\":\"ImageObject\",\"inLanguage\":\"en-US\",\"@id\":\"https:\\\/\\\/gentell.com.br\\\/alimentacao-na-ostomia-equilibrio-individual-e-a-chave\\\/#primaryimage\",\"url\":\"https:\\\/\\\/gentell.com.br\\\/wp-content\\\/uploads\\\/2026\\\/04\\\/Gemini_Generated_Image_ctbtyhctbtyhctbt.png\",\"contentUrl\":\"https:\\\/\\\/gentell.com.br\\\/wp-content\\\/uploads\\\/2026\\\/04\\\/Gemini_Generated_Image_ctbtyhctbtyhctbt.png\",\"width\":1329,\"height\":768},{\"@type\":\"BreadcrumbList\",\"@id\":\"https:\\\/\\\/gentell.com.br\\\/alimentacao-na-ostomia-equilibrio-individual-e-a-chave\\\/#breadcrumb\",\"itemListElement\":[{\"@type\":\"ListItem\",\"position\":1,\"name\":\"In\u00edcio\",\"item\":\"https:\\\/\\\/gentell.com.br\\\/\"},{\"@type\":\"ListItem\",\"position\":2,\"name\":\"Alimenta\u00e7\u00e3o na ostomia: equil\u00edbrio individual \u00e9 a chave.\"}]},{\"@type\":\"WebSite\",\"@id\":\"https:\\\/\\\/gentell.com.br\\\/#website\",\"url\":\"https:\\\/\\\/gentell.com.br\\\/\",\"name\":\"Gentell | We make it better\",\"description\":\"Bolsa de Colostomia, Curativos e Acess\u00f3rios\",\"publisher\":{\"@id\":\"https:\\\/\\\/gentell.com.br\\\/#organization\"},\"potentialAction\":[{\"@type\":\"SearchAction\",\"target\":{\"@type\":\"EntryPoint\",\"urlTemplate\":\"https:\\\/\\\/gentell.com.br\\\/?s={search_term_string}\"},\"query-input\":{\"@type\":\"PropertyValueSpecification\",\"valueRequired\":true,\"valueName\":\"search_term_string\"}}],\"inLanguage\":\"en-US\"},{\"@type\":\"Organization\",\"@id\":\"https:\\\/\\\/gentell.com.br\\\/#organization\",\"name\":\"Gentell | We make it better\",\"url\":\"https:\\\/\\\/gentell.com.br\\\/\",\"logo\":{\"@type\":\"ImageObject\",\"inLanguage\":\"en-US\",\"@id\":\"https:\\\/\\\/gentell.com.br\\\/#\\\/schema\\\/logo\\\/image\\\/\",\"url\":\"https:\\\/\\\/gentell.com.br\\\/wp-content\\\/uploads\\\/2021\\\/03\\\/Gentell-Logo.png\",\"contentUrl\":\"https:\\\/\\\/gentell.com.br\\\/wp-content\\\/uploads\\\/2021\\\/03\\\/Gentell-Logo.png\",\"width\":1024,\"height\":276,\"caption\":\"Gentell | We make it better\"},\"image\":{\"@id\":\"https:\\\/\\\/gentell.com.br\\\/#\\\/schema\\\/logo\\\/image\\\/\"}},{\"@type\":\"Person\",\"@id\":\"https:\\\/\\\/gentell.com.br\\\/#\\\/schema\\\/person\\\/6286a1c39b12e6d0a2f45531cb770640\",\"name\":\"bddb\",\"image\":{\"@type\":\"ImageObject\",\"inLanguage\":\"en-US\",\"@id\":\"https:\\\/\\\/secure.gravatar.com\\\/avatar\\\/cb19dcd75379c7a785722f2de656d1701bd9722e4a7c5df4487edea12250e034?s=96&d=mm&r=g\",\"url\":\"https:\\\/\\\/secure.gravatar.com\\\/avatar\\\/cb19dcd75379c7a785722f2de656d1701bd9722e4a7c5df4487edea12250e034?s=96&d=mm&r=g\",\"contentUrl\":\"https:\\\/\\\/secure.gravatar.com\\\/avatar\\\/cb19dcd75379c7a785722f2de656d1701bd9722e4a7c5df4487edea12250e034?s=96&d=mm&r=g\",\"caption\":\"bddb\"},\"url\":\"https:\\\/\\\/gentell.com.br\\\/en\\\/author\\\/bddb\\\/\"}]}<\/script>\n<!-- \/ Yoast SEO plugin. -->","yoast_head_json":{"title":"Alimenta\u00e7\u00e3o na ostomia: equil\u00edbrio individual \u00e9 a chave. - Gentell | We make it better","description":"Entenda como deve ser a alimenta\u00e7\u00e3o ap\u00f3s estomia, quais cuidados ajudam na adapta\u00e7\u00e3o, hidrata\u00e7\u00e3o e qualidade de vida para pessoas ostomizadas.","robots":{"index":"index","follow":"follow","max-snippet":"max-snippet:-1","max-image-preview":"max-image-preview:large","max-video-preview":"max-video-preview:-1"},"canonical":"https:\/\/gentell.com.br\/en\/alimentacao-na-ostomia-equilibrio-individual-e-a-chave\/","og_locale":"en_US","og_type":"article","og_title":"Alimenta\u00e7\u00e3o na ostomia: equil\u00edbrio individual \u00e9 a chave. - Gentell | We make it better","og_description":"Entenda como deve ser a alimenta\u00e7\u00e3o ap\u00f3s estomia, quais cuidados ajudam na adapta\u00e7\u00e3o, hidrata\u00e7\u00e3o e qualidade de vida para pessoas ostomizadas.","og_url":"https:\/\/gentell.com.br\/en\/alimentacao-na-ostomia-equilibrio-individual-e-a-chave\/","og_site_name":"Gentell | We make it better","article_published_time":"2026-04-24T14:58:47+00:00","og_image":[{"width":1329,"height":768,"url":"https:\/\/gentell.com.br\/wp-content\/uploads\/2026\/04\/Gemini_Generated_Image_ctbtyhctbtyhctbt.png","type":"image\/png"}],"author":"bddb","twitter_card":"summary_large_image","twitter_misc":{"Written by":"bddb","Est. reading time":"2 minutes"},"schema":{"@context":"https:\/\/schema.org","@graph":[{"@type":"Article","@id":"https:\/\/gentell.com.br\/alimentacao-na-ostomia-equilibrio-individual-e-a-chave\/#article","isPartOf":{"@id":"https:\/\/gentell.com.br\/alimentacao-na-ostomia-equilibrio-individual-e-a-chave\/"},"author":{"name":"bddb","@id":"https:\/\/gentell.com.br\/#\/schema\/person\/6286a1c39b12e6d0a2f45531cb770640"},"headline":"Alimenta\u00e7\u00e3o na ostomia: equil\u00edbrio individual \u00e9 a chave.","datePublished":"2026-04-24T14:58:47+00:00","mainEntityOfPage":{"@id":"https:\/\/gentell.com.br\/alimentacao-na-ostomia-equilibrio-individual-e-a-chave\/"},"wordCount":179,"commentCount":0,"publisher":{"@id":"https:\/\/gentell.com.br\/#organization"},"image":{"@id":"https:\/\/gentell.com.br\/alimentacao-na-ostomia-equilibrio-individual-e-a-chave\/#primaryimage"},"thumbnailUrl":"https:\/\/gentell.com.br\/wp-content\/uploads\/2026\/04\/Gemini_Generated_Image_ctbtyhctbtyhctbt.png","articleSection":["Enfermeiros","Not\u00edcias","Pacientes","Paran\u00e1","Santa Catarina"],"inLanguage":"en-US","potentialAction":[{"@type":"CommentAction","name":"Comment","target":["https:\/\/gentell.com.br\/alimentacao-na-ostomia-equilibrio-individual-e-a-chave\/#respond"]}]},{"@type":"WebPage","@id":"https:\/\/gentell.com.br\/alimentacao-na-ostomia-equilibrio-individual-e-a-chave\/","url":"https:\/\/gentell.com.br\/alimentacao-na-ostomia-equilibrio-individual-e-a-chave\/","name":"Alimenta\u00e7\u00e3o na ostomia: equil\u00edbrio individual \u00e9 a chave. - Gentell | We make it better","isPartOf":{"@id":"https:\/\/gentell.com.br\/#website"},"primaryImageOfPage":{"@id":"https:\/\/gentell.com.br\/alimentacao-na-ostomia-equilibrio-individual-e-a-chave\/#primaryimage"},"image":{"@id":"https:\/\/gentell.com.br\/alimentacao-na-ostomia-equilibrio-individual-e-a-chave\/#primaryimage"},"thumbnailUrl":"https:\/\/gentell.com.br\/wp-content\/uploads\/2026\/04\/Gemini_Generated_Image_ctbtyhctbtyhctbt.png","datePublished":"2026-04-24T14:58:47+00:00","description":"Entenda como deve ser a alimenta\u00e7\u00e3o ap\u00f3s estomia, quais cuidados ajudam na adapta\u00e7\u00e3o, hidrata\u00e7\u00e3o e qualidade de vida para pessoas ostomizadas.","breadcrumb":{"@id":"https:\/\/gentell.com.br\/alimentacao-na-ostomia-equilibrio-individual-e-a-chave\/#breadcrumb"},"inLanguage":"en-US","potentialAction":[{"@type":"ReadAction","target":["https:\/\/gentell.com.br\/alimentacao-na-ostomia-equilibrio-individual-e-a-chave\/"]}]},{"@type":"ImageObject","inLanguage":"en-US","@id":"https:\/\/gentell.com.br\/alimentacao-na-ostomia-equilibrio-individual-e-a-chave\/#primaryimage","url":"https:\/\/gentell.com.br\/wp-content\/uploads\/2026\/04\/Gemini_Generated_Image_ctbtyhctbtyhctbt.png","contentUrl":"https:\/\/gentell.com.br\/wp-content\/uploads\/2026\/04\/Gemini_Generated_Image_ctbtyhctbtyhctbt.png","width":1329,"height":768},{"@type":"BreadcrumbList","@id":"https:\/\/gentell.com.br\/alimentacao-na-ostomia-equilibrio-individual-e-a-chave\/#breadcrumb","itemListElement":[{"@type":"ListItem","position":1,"name":"In\u00edcio","item":"https:\/\/gentell.com.br\/"},{"@type":"ListItem","position":2,"name":"Alimenta\u00e7\u00e3o na ostomia: equil\u00edbrio individual \u00e9 a chave."}]},{"@type":"WebSite","@id":"https:\/\/gentell.com.br\/#website","url":"https:\/\/gentell.com.br\/","name":"Gentell | We make it better","description":"Bolsa de Colostomia, Curativos e Acess\u00f3rios","publisher":{"@id":"https:\/\/gentell.com.br\/#organization"},"potentialAction":[{"@type":"SearchAction","target":{"@type":"EntryPoint","urlTemplate":"https:\/\/gentell.com.br\/?s={search_term_string}"},"query-input":{"@type":"PropertyValueSpecification","valueRequired":true,"valueName":"search_term_string"}}],"inLanguage":"en-US"},{"@type":"Organization","@id":"https:\/\/gentell.com.br\/#organization","name":"Gentell | We make it better","url":"https:\/\/gentell.com.br\/","logo":{"@type":"ImageObject","inLanguage":"en-US","@id":"https:\/\/gentell.com.br\/#\/schema\/logo\/image\/","url":"https:\/\/gentell.com.br\/wp-content\/uploads\/2021\/03\/Gentell-Logo.png","contentUrl":"https:\/\/gentell.com.br\/wp-content\/uploads\/2021\/03\/Gentell-Logo.png","width":1024,"height":276,"caption":"Gentell | We make it better"},"image":{"@id":"https:\/\/gentell.com.br\/#\/schema\/logo\/image\/"}},{"@type":"Person","@id":"https:\/\/gentell.com.br\/#\/schema\/person\/6286a1c39b12e6d0a2f45531cb770640","name":"bddb","image":{"@type":"ImageObject","inLanguage":"en-US","@id":"https:\/\/secure.gravatar.com\/avatar\/cb19dcd75379c7a785722f2de656d1701bd9722e4a7c5df4487edea12250e034?s=96&d=mm&r=g","url":"https:\/\/secure.gravatar.com\/avatar\/cb19dcd75379c7a785722f2de656d1701bd9722e4a7c5df4487edea12250e034?s=96&d=mm&r=g","contentUrl":"https:\/\/secure.gravatar.com\/avatar\/cb19dcd75379c7a785722f2de656d1701bd9722e4a7c5df4487edea12250e034?s=96&d=mm&r=g","caption":"bddb"},"url":"https:\/\/gentell.com.br\/en\/author\/bddb\/"}]}},"_links":{"self":[{"href":"https:\/\/gentell.com.br\/en\/wp-json\/wp\/v2\/posts\/2857","targetHints":{"allow":["GET"]}}],"collection":[{"href":"https:\/\/gentell.com.br\/en\/wp-json\/wp\/v2\/posts"}],"about":[{"href":"https:\/\/gentell.com.br\/en\/wp-json\/wp\/v2\/types\/post"}],"author":[{"embeddable":true,"href":"https:\/\/gentell.com.br\/en\/wp-json\/wp\/v2\/users\/2"}],"replies":[{"embeddable":true,"href":"https:\/\/gentell.com.br\/en\/wp-json\/wp\/v2\/comments?post=2857"}],"version-history":[{"count":1,"href":"https:\/\/gentell.com.br\/en\/wp-json\/wp\/v2\/posts\/2857\/revisions"}],"predecessor-version":[{"id":2859,"href":"https:\/\/gentell.com.br\/en\/wp-json\/wp\/v2\/posts\/2857\/revisions\/2859"}],"wp:featuredmedia":[{"embeddable":true,"href":"https:\/\/gentell.com.br\/en\/wp-json\/wp\/v2\/media\/2858"}],"wp:attachment":[{"href":"https:\/\/gentell.com.br\/en\/wp-json\/wp\/v2\/media?parent=2857"}],"wp:term":[{"taxonomy":"category","embeddable":true,"href":"https:\/\/gentell.com.br\/en\/wp-json\/wp\/v2\/categories?post=2857"},{"taxonomy":"post_tag","embeddable":true,"href":"https:\/\/gentell.com.br\/en\/wp-json\/wp\/v2\/tags?post=2857"}],"curies":[{"name":"wp","href":"https:\/\/api.w.org\/{rel}","templated":true}]}}