{"id":2879,"date":"2026-09-01T09:00:37","date_gmt":"2026-09-01T12:00:37","guid":{"rendered":"https:\/\/gentell.com.br\/?p=2879"},"modified":"2026-08-27T15:57:45","modified_gmt":"2026-08-27T18:57:45","slug":"evandro-garcia-ingressa-na-gentell-como-vice-presidente-de-vendas-para-o-brasil-e-america-latina","status":"publish","type":"post","link":"https:\/\/gentell.com.br\/en\/evandro-garcia-ingressa-na-gentell-como-vice-presidente-de-vendas-para-o-brasil-e-america-latina\/","title":{"rendered":"Evandro Garcia ingressa na Gentell como Vice-Presidente de Vendas para o Brasil e Am\u00e9rica Latina"},"content":{"rendered":"<div>\n<p>Tenho o prazer de anunciar que Evandro Garc\u00eda\u00a0Evandro ingressou na Gentell como Vice-Presidente de Vendas para o Brasil e Am\u00e9rica Latina. Ele \u00e9 um executivo experiente na \u00e1rea da sa\u00fade, com mais de 25 anos de atua\u00e7\u00e3o focados em agregar valor financeiro e operacional \u00e0s empresas em que trabalhou.<\/p>\n<\/div>\n<div>Anteriormente, atuou como L\u00edder de Neg\u00f3cios da M\u00f6lnlycke Sa\u00fade no Brasil, onde foi respons\u00e1vel por impulsionar a estrat\u00e9gia comercial, de marketing e operacional da empresa em um mercado altamente competitivo, resultando em crescimento anual de dois d\u00edgitos durante sua gest\u00e3o. Antes da M\u00f6lnlycke, Evandro foi Diretor de Crescimento e Estrat\u00e9gia da Lifemed, uma das principais fabricantes de dispositivos m\u00e9dicos do Brasil, onde ajudou a acelerar a expans\u00e3o estrat\u00e9gica da empresa para os segmentos de dados de pacientes e sa\u00fade conectada.<\/div>\n<div><\/div>\n<div>\n<p>Evandro se junta \u00e0 equipe de lideran\u00e7a da Gentell Brasil, liderada por Roberto Schahin, Presidente, e Marco Scabia, Diretor Geral. Ele ficar\u00e1 baseado no escrit\u00f3rio da Gentell em S\u00e3o Paulo.<\/p>\n<p><img decoding=\"async\" class=\"alignnone wp-image-2883\" src=\"https:\/\/gentell.com.br\/wp-content\/uploads\/2026\/09\/Captura-de-Tela-2026-08-27-as-15.51.59-295x300.png\" alt=\"\" width=\"190\" height=\"193\" srcset=\"https:\/\/gentell.com.br\/wp-content\/uploads\/2026\/09\/Captura-de-Tela-2026-08-27-as-15.51.59-295x300.png 295w, https:\/\/gentell.com.br\/wp-content\/uploads\/2026\/09\/Captura-de-Tela-2026-08-27-as-15.51.59-12x12.png 12w, https:\/\/gentell.com.br\/wp-content\/uploads\/2026\/09\/Captura-de-Tela-2026-08-27-as-15.51.59.png 388w\" sizes=\"(max-width: 190px) 100vw, 190px\" \/><br \/>\nDavid Navazio | CEO<\/p>\n<\/div>\n<div><\/div>","protected":false},"excerpt":{"rendered":"<p>Tenho o prazer de anunciar que Evandro Garc\u00eda\u00a0Evandro ingressou na Gentell como Vice-Presidente de Vendas para o Brasil e Am\u00e9rica Latina. Ele \u00e9 um executivo experiente na \u00e1rea da sa\u00fade, com mais de 25 anos de atua\u00e7\u00e3o focados em agregar valor financeiro e operacional \u00e0s empresas em que trabalhou. Anteriormente, atuou como L\u00edder de Neg\u00f3cios [&hellip;]<\/p>\n","protected":false},"author":2,"featured_media":2880,"comment_status":"open","ping_status":"open","sticky":false,"template":"","format":"standard","meta":{"footnotes":""},"categories":[7],"tags":[124,125],"class_list":["post-2879","post","type-post","status-publish","format-standard","has-post-thumbnail","hentry","category-noticias","tag-ceo","tag-vice-presidente-de-vendas-para-o-brasil-e-america-latina"],"acf":[],"yoast_head":"<!-- This site is optimized with the Yoast SEO plugin v28.1 - https:\/\/yoast.com\/product\/yoast-seo-wordpress\/ -->\n<title>Evandro Garcia ingressa na Gentell como VP de Vendas Latam<\/title>\n<meta name=\"description\" content=\"Evandro Garc\u00eda\u00a0Evandro ingressou na Gentell como Vice-Presidente de Vendas para o Brasil e Am\u00e9rica Latina.\" \/>\n<meta name=\"robots\" content=\"index, follow, max-snippet:-1, max-image-preview:large, max-video-preview:-1\" \/>\n<link rel=\"canonical\" href=\"https:\/\/gentell.com.br\/en\/evandro-garcia-ingressa-na-gentell-como-vice-presidente-de-vendas-para-o-brasil-e-america-latina\/\" \/>\n<meta property=\"og:locale\" content=\"en_US\" \/>\n<meta property=\"og:type\" content=\"article\" \/>\n<meta property=\"og:title\" content=\"Evandro Garcia ingressa na Gentell como VP de Vendas Latam\" \/>\n<meta property=\"og:description\" content=\"Evandro Garc\u00eda\u00a0Evandro ingressou na Gentell como Vice-Presidente de Vendas para o Brasil e Am\u00e9rica Latina.\" \/>\n<meta property=\"og:url\" content=\"https:\/\/gentell.com.br\/en\/evandro-garcia-ingressa-na-gentell-como-vice-presidente-de-vendas-para-o-brasil-e-america-latina\/\" \/>\n<meta property=\"og:site_name\" content=\"Gentell | We make it better\" \/>\n<meta property=\"article:published_time\" content=\"2026-09-01T12:00:37+00:00\" \/>\n<meta property=\"og:image\" content=\"https:\/\/gentell.com.br\/wp-content\/uploads\/2026\/08\/image.png\" \/>\n\t<meta property=\"og:image:width\" content=\"301\" \/>\n\t<meta property=\"og:image:height\" content=\"409\" \/>\n\t<meta property=\"og:image:type\" content=\"image\/png\" \/>\n<meta name=\"author\" content=\"bddb\" \/>\n<meta name=\"twitter:card\" content=\"summary_large_image\" \/>\n<meta name=\"twitter:label1\" content=\"Written by\" \/>\n\t<meta name=\"twitter:data1\" content=\"bddb\" \/>\n\t<meta name=\"twitter:label2\" content=\"Est. reading time\" \/>\n\t<meta name=\"twitter:data2\" content=\"2 minutes\" \/>\n<script type=\"application\/ld+json\" class=\"yoast-schema-graph\">{\"@context\":\"https:\\\/\\\/schema.org\",\"@graph\":[{\"@type\":\"Article\",\"@id\":\"https:\\\/\\\/gentell.com.br\\\/evandro-garcia-ingressa-na-gentell-como-vice-presidente-de-vendas-para-o-brasil-e-america-latina\\\/#article\",\"isPartOf\":{\"@id\":\"https:\\\/\\\/gentell.com.br\\\/evandro-garcia-ingressa-na-gentell-como-vice-presidente-de-vendas-para-o-brasil-e-america-latina\\\/\"},\"author\":{\"name\":\"bddb\",\"@id\":\"https:\\\/\\\/gentell.com.br\\\/#\\\/schema\\\/person\\\/6286a1c39b12e6d0a2f45531cb770640\"},\"headline\":\"Evandro Garcia ingressa na Gentell como Vice-Presidente de Vendas para o Brasil e Am\u00e9rica Latina\",\"datePublished\":\"2026-09-01T12:00:37+00:00\",\"mainEntityOfPage\":{\"@id\":\"https:\\\/\\\/gentell.com.br\\\/evandro-garcia-ingressa-na-gentell-como-vice-presidente-de-vendas-para-o-brasil-e-america-latina\\\/\"},\"wordCount\":197,\"commentCount\":0,\"publisher\":{\"@id\":\"https:\\\/\\\/gentell.com.br\\\/#organization\"},\"image\":{\"@id\":\"https:\\\/\\\/gentell.com.br\\\/evandro-garcia-ingressa-na-gentell-como-vice-presidente-de-vendas-para-o-brasil-e-america-latina\\\/#primaryimage\"},\"thumbnailUrl\":\"https:\\\/\\\/gentell.com.br\\\/wp-content\\\/uploads\\\/2026\\\/08\\\/image.png\",\"keywords\":[\"CEO\",\"Vice-Presidente de Vendas para o Brasil e Am\u00e9rica Latina\"],\"articleSection\":[\"Not\u00edcias\"],\"inLanguage\":\"en-US\",\"potentialAction\":[{\"@type\":\"CommentAction\",\"name\":\"Comment\",\"target\":[\"https:\\\/\\\/gentell.com.br\\\/evandro-garcia-ingressa-na-gentell-como-vice-presidente-de-vendas-para-o-brasil-e-america-latina\\\/#respond\"]}]},{\"@type\":\"WebPage\",\"@id\":\"https:\\\/\\\/gentell.com.br\\\/evandro-garcia-ingressa-na-gentell-como-vice-presidente-de-vendas-para-o-brasil-e-america-latina\\\/\",\"url\":\"https:\\\/\\\/gentell.com.br\\\/evandro-garcia-ingressa-na-gentell-como-vice-presidente-de-vendas-para-o-brasil-e-america-latina\\\/\",\"name\":\"Evandro Garcia ingressa na Gentell como VP de Vendas Latam\",\"isPartOf\":{\"@id\":\"https:\\\/\\\/gentell.com.br\\\/#website\"},\"primaryImageOfPage\":{\"@id\":\"https:\\\/\\\/gentell.com.br\\\/evandro-garcia-ingressa-na-gentell-como-vice-presidente-de-vendas-para-o-brasil-e-america-latina\\\/#primaryimage\"},\"image\":{\"@id\":\"https:\\\/\\\/gentell.com.br\\\/evandro-garcia-ingressa-na-gentell-como-vice-presidente-de-vendas-para-o-brasil-e-america-latina\\\/#primaryimage\"},\"thumbnailUrl\":\"https:\\\/\\\/gentell.com.br\\\/wp-content\\\/uploads\\\/2026\\\/08\\\/image.png\",\"datePublished\":\"2026-09-01T12:00:37+00:00\",\"description\":\"Evandro Garc\u00eda\u00a0Evandro ingressou na Gentell como Vice-Presidente de Vendas para o Brasil e Am\u00e9rica Latina.\",\"breadcrumb\":{\"@id\":\"https:\\\/\\\/gentell.com.br\\\/evandro-garcia-ingressa-na-gentell-como-vice-presidente-de-vendas-para-o-brasil-e-america-latina\\\/#breadcrumb\"},\"inLanguage\":\"en-US\",\"potentialAction\":[{\"@type\":\"ReadAction\",\"target\":[\"https:\\\/\\\/gentell.com.br\\\/evandro-garcia-ingressa-na-gentell-como-vice-presidente-de-vendas-para-o-brasil-e-america-latina\\\/\"]}]},{\"@type\":\"ImageObject\",\"inLanguage\":\"en-US\",\"@id\":\"https:\\\/\\\/gentell.com.br\\\/evandro-garcia-ingressa-na-gentell-como-vice-presidente-de-vendas-para-o-brasil-e-america-latina\\\/#primaryimage\",\"url\":\"https:\\\/\\\/gentell.com.br\\\/wp-content\\\/uploads\\\/2026\\\/08\\\/image.png\",\"contentUrl\":\"https:\\\/\\\/gentell.com.br\\\/wp-content\\\/uploads\\\/2026\\\/08\\\/image.png\",\"width\":301,\"height\":409},{\"@type\":\"BreadcrumbList\",\"@id\":\"https:\\\/\\\/gentell.com.br\\\/evandro-garcia-ingressa-na-gentell-como-vice-presidente-de-vendas-para-o-brasil-e-america-latina\\\/#breadcrumb\",\"itemListElement\":[{\"@type\":\"ListItem\",\"position\":1,\"name\":\"In\u00edcio\",\"item\":\"https:\\\/\\\/gentell.com.br\\\/\"},{\"@type\":\"ListItem\",\"position\":2,\"name\":\"Evandro Garcia ingressa na Gentell como Vice-Presidente de Vendas para o Brasil e Am\u00e9rica Latina\"}]},{\"@type\":\"WebSite\",\"@id\":\"https:\\\/\\\/gentell.com.br\\\/#website\",\"url\":\"https:\\\/\\\/gentell.com.br\\\/\",\"name\":\"Gentell | We make it better\",\"description\":\"Bolsa de Colostomia, Curativos e Acess\u00f3rios\",\"publisher\":{\"@id\":\"https:\\\/\\\/gentell.com.br\\\/#organization\"},\"potentialAction\":[{\"@type\":\"SearchAction\",\"target\":{\"@type\":\"EntryPoint\",\"urlTemplate\":\"https:\\\/\\\/gentell.com.br\\\/?s={search_term_string}\"},\"query-input\":{\"@type\":\"PropertyValueSpecification\",\"valueRequired\":true,\"valueName\":\"search_term_string\"}}],\"inLanguage\":\"en-US\"},{\"@type\":\"Organization\",\"@id\":\"https:\\\/\\\/gentell.com.br\\\/#organization\",\"name\":\"Gentell | We make it better\",\"url\":\"https:\\\/\\\/gentell.com.br\\\/\",\"logo\":{\"@type\":\"ImageObject\",\"inLanguage\":\"en-US\",\"@id\":\"https:\\\/\\\/gentell.com.br\\\/#\\\/schema\\\/logo\\\/image\\\/\",\"url\":\"https:\\\/\\\/gentell.com.br\\\/wp-content\\\/uploads\\\/2021\\\/03\\\/Gentell-Logo.png\",\"contentUrl\":\"https:\\\/\\\/gentell.com.br\\\/wp-content\\\/uploads\\\/2021\\\/03\\\/Gentell-Logo.png\",\"width\":1024,\"height\":276,\"caption\":\"Gentell | We make it better\"},\"image\":{\"@id\":\"https:\\\/\\\/gentell.com.br\\\/#\\\/schema\\\/logo\\\/image\\\/\"}},{\"@type\":\"Person\",\"@id\":\"https:\\\/\\\/gentell.com.br\\\/#\\\/schema\\\/person\\\/6286a1c39b12e6d0a2f45531cb770640\",\"name\":\"bddb\",\"image\":{\"@type\":\"ImageObject\",\"inLanguage\":\"en-US\",\"@id\":\"https:\\\/\\\/secure.gravatar.com\\\/avatar\\\/cb19dcd75379c7a785722f2de656d1701bd9722e4a7c5df4487edea12250e034?s=96&d=mm&r=g\",\"url\":\"https:\\\/\\\/secure.gravatar.com\\\/avatar\\\/cb19dcd75379c7a785722f2de656d1701bd9722e4a7c5df4487edea12250e034?s=96&d=mm&r=g\",\"contentUrl\":\"https:\\\/\\\/secure.gravatar.com\\\/avatar\\\/cb19dcd75379c7a785722f2de656d1701bd9722e4a7c5df4487edea12250e034?s=96&d=mm&r=g\",\"caption\":\"bddb\"},\"url\":\"https:\\\/\\\/gentell.com.br\\\/en\\\/author\\\/bddb\\\/\"}]}<\/script>\n<!-- \/ Yoast SEO plugin. -->","yoast_head_json":{"title":"Evandro Garcia ingressa na Gentell como VP de Vendas Latam","description":"Evandro Garc\u00eda\u00a0Evandro ingressou na Gentell como Vice-Presidente de Vendas para o Brasil e Am\u00e9rica Latina.","robots":{"index":"index","follow":"follow","max-snippet":"max-snippet:-1","max-image-preview":"max-image-preview:large","max-video-preview":"max-video-preview:-1"},"canonical":"https:\/\/gentell.com.br\/en\/evandro-garcia-ingressa-na-gentell-como-vice-presidente-de-vendas-para-o-brasil-e-america-latina\/","og_locale":"en_US","og_type":"article","og_title":"Evandro Garcia ingressa na Gentell como VP de Vendas Latam","og_description":"Evandro Garc\u00eda\u00a0Evandro ingressou na Gentell como Vice-Presidente de Vendas para o Brasil e Am\u00e9rica Latina.","og_url":"https:\/\/gentell.com.br\/en\/evandro-garcia-ingressa-na-gentell-como-vice-presidente-de-vendas-para-o-brasil-e-america-latina\/","og_site_name":"Gentell | We make it better","article_published_time":"2026-09-01T12:00:37+00:00","og_image":[{"width":301,"height":409,"url":"https:\/\/gentell.com.br\/wp-content\/uploads\/2026\/08\/image.png","type":"image\/png"}],"author":"bddb","twitter_card":"summary_large_image","twitter_misc":{"Written by":"bddb","Est. reading time":"2 minutes"},"schema":{"@context":"https:\/\/schema.org","@graph":[{"@type":"Article","@id":"https:\/\/gentell.com.br\/evandro-garcia-ingressa-na-gentell-como-vice-presidente-de-vendas-para-o-brasil-e-america-latina\/#article","isPartOf":{"@id":"https:\/\/gentell.com.br\/evandro-garcia-ingressa-na-gentell-como-vice-presidente-de-vendas-para-o-brasil-e-america-latina\/"},"author":{"name":"bddb","@id":"https:\/\/gentell.com.br\/#\/schema\/person\/6286a1c39b12e6d0a2f45531cb770640"},"headline":"Evandro Garcia ingressa na Gentell como Vice-Presidente de Vendas para o Brasil e Am\u00e9rica Latina","datePublished":"2026-09-01T12:00:37+00:00","mainEntityOfPage":{"@id":"https:\/\/gentell.com.br\/evandro-garcia-ingressa-na-gentell-como-vice-presidente-de-vendas-para-o-brasil-e-america-latina\/"},"wordCount":197,"commentCount":0,"publisher":{"@id":"https:\/\/gentell.com.br\/#organization"},"image":{"@id":"https:\/\/gentell.com.br\/evandro-garcia-ingressa-na-gentell-como-vice-presidente-de-vendas-para-o-brasil-e-america-latina\/#primaryimage"},"thumbnailUrl":"https:\/\/gentell.com.br\/wp-content\/uploads\/2026\/08\/image.png","keywords":["CEO","Vice-Presidente de Vendas para o Brasil e Am\u00e9rica Latina"],"articleSection":["Not\u00edcias"],"inLanguage":"en-US","potentialAction":[{"@type":"CommentAction","name":"Comment","target":["https:\/\/gentell.com.br\/evandro-garcia-ingressa-na-gentell-como-vice-presidente-de-vendas-para-o-brasil-e-america-latina\/#respond"]}]},{"@type":"WebPage","@id":"https:\/\/gentell.com.br\/evandro-garcia-ingressa-na-gentell-como-vice-presidente-de-vendas-para-o-brasil-e-america-latina\/","url":"https:\/\/gentell.com.br\/evandro-garcia-ingressa-na-gentell-como-vice-presidente-de-vendas-para-o-brasil-e-america-latina\/","name":"Evandro Garcia ingressa na Gentell como VP de Vendas Latam","isPartOf":{"@id":"https:\/\/gentell.com.br\/#website"},"primaryImageOfPage":{"@id":"https:\/\/gentell.com.br\/evandro-garcia-ingressa-na-gentell-como-vice-presidente-de-vendas-para-o-brasil-e-america-latina\/#primaryimage"},"image":{"@id":"https:\/\/gentell.com.br\/evandro-garcia-ingressa-na-gentell-como-vice-presidente-de-vendas-para-o-brasil-e-america-latina\/#primaryimage"},"thumbnailUrl":"https:\/\/gentell.com.br\/wp-content\/uploads\/2026\/08\/image.png","datePublished":"2026-09-01T12:00:37+00:00","description":"Evandro Garc\u00eda\u00a0Evandro ingressou na Gentell como Vice-Presidente de Vendas para o Brasil e Am\u00e9rica Latina.","breadcrumb":{"@id":"https:\/\/gentell.com.br\/evandro-garcia-ingressa-na-gentell-como-vice-presidente-de-vendas-para-o-brasil-e-america-latina\/#breadcrumb"},"inLanguage":"en-US","potentialAction":[{"@type":"ReadAction","target":["https:\/\/gentell.com.br\/evandro-garcia-ingressa-na-gentell-como-vice-presidente-de-vendas-para-o-brasil-e-america-latina\/"]}]},{"@type":"ImageObject","inLanguage":"en-US","@id":"https:\/\/gentell.com.br\/evandro-garcia-ingressa-na-gentell-como-vice-presidente-de-vendas-para-o-brasil-e-america-latina\/#primaryimage","url":"https:\/\/gentell.com.br\/wp-content\/uploads\/2026\/08\/image.png","contentUrl":"https:\/\/gentell.com.br\/wp-content\/uploads\/2026\/08\/image.png","width":301,"height":409},{"@type":"BreadcrumbList","@id":"https:\/\/gentell.com.br\/evandro-garcia-ingressa-na-gentell-como-vice-presidente-de-vendas-para-o-brasil-e-america-latina\/#breadcrumb","itemListElement":[{"@type":"ListItem","position":1,"name":"In\u00edcio","item":"https:\/\/gentell.com.br\/"},{"@type":"ListItem","position":2,"name":"Evandro Garcia ingressa na Gentell como Vice-Presidente de Vendas para o Brasil e Am\u00e9rica Latina"}]},{"@type":"WebSite","@id":"https:\/\/gentell.com.br\/#website","url":"https:\/\/gentell.com.br\/","name":"Gentell | We make it better","description":"Bolsa de Colostomia, Curativos e Acess\u00f3rios","publisher":{"@id":"https:\/\/gentell.com.br\/#organization"},"potentialAction":[{"@type":"SearchAction","target":{"@type":"EntryPoint","urlTemplate":"https:\/\/gentell.com.br\/?s={search_term_string}"},"query-input":{"@type":"PropertyValueSpecification","valueRequired":true,"valueName":"search_term_string"}}],"inLanguage":"en-US"},{"@type":"Organization","@id":"https:\/\/gentell.com.br\/#organization","name":"Gentell | We make it better","url":"https:\/\/gentell.com.br\/","logo":{"@type":"ImageObject","inLanguage":"en-US","@id":"https:\/\/gentell.com.br\/#\/schema\/logo\/image\/","url":"https:\/\/gentell.com.br\/wp-content\/uploads\/2021\/03\/Gentell-Logo.png","contentUrl":"https:\/\/gentell.com.br\/wp-content\/uploads\/2021\/03\/Gentell-Logo.png","width":1024,"height":276,"caption":"Gentell | We make it better"},"image":{"@id":"https:\/\/gentell.com.br\/#\/schema\/logo\/image\/"}},{"@type":"Person","@id":"https:\/\/gentell.com.br\/#\/schema\/person\/6286a1c39b12e6d0a2f45531cb770640","name":"bddb","image":{"@type":"ImageObject","inLanguage":"en-US","@id":"https:\/\/secure.gravatar.com\/avatar\/cb19dcd75379c7a785722f2de656d1701bd9722e4a7c5df4487edea12250e034?s=96&d=mm&r=g","url":"https:\/\/secure.gravatar.com\/avatar\/cb19dcd75379c7a785722f2de656d1701bd9722e4a7c5df4487edea12250e034?s=96&d=mm&r=g","contentUrl":"https:\/\/secure.gravatar.com\/avatar\/cb19dcd75379c7a785722f2de656d1701bd9722e4a7c5df4487edea12250e034?s=96&d=mm&r=g","caption":"bddb"},"url":"https:\/\/gentell.com.br\/en\/author\/bddb\/"}]}},"_links":{"self":[{"href":"https:\/\/gentell.com.br\/en\/wp-json\/wp\/v2\/posts\/2879","targetHints":{"allow":["GET"]}}],"collection":[{"href":"https:\/\/gentell.com.br\/en\/wp-json\/wp\/v2\/posts"}],"about":[{"href":"https:\/\/gentell.com.br\/en\/wp-json\/wp\/v2\/types\/post"}],"author":[{"embeddable":true,"href":"https:\/\/gentell.com.br\/en\/wp-json\/wp\/v2\/users\/2"}],"replies":[{"embeddable":true,"href":"https:\/\/gentell.com.br\/en\/wp-json\/wp\/v2\/comments?post=2879"}],"version-history":[{"count":3,"href":"https:\/\/gentell.com.br\/en\/wp-json\/wp\/v2\/posts\/2879\/revisions"}],"predecessor-version":[{"id":2884,"href":"https:\/\/gentell.com.br\/en\/wp-json\/wp\/v2\/posts\/2879\/revisions\/2884"}],"wp:featuredmedia":[{"embeddable":true,"href":"https:\/\/gentell.com.br\/en\/wp-json\/wp\/v2\/media\/2880"}],"wp:attachment":[{"href":"https:\/\/gentell.com.br\/en\/wp-json\/wp\/v2\/media?parent=2879"}],"wp:term":[{"taxonomy":"category","embeddable":true,"href":"https:\/\/gentell.com.br\/en\/wp-json\/wp\/v2\/categories?post=2879"},{"taxonomy":"post_tag","embeddable":true,"href":"https:\/\/gentell.com.br\/en\/wp-json\/wp\/v2\/tags?post=2879"}],"curies":[{"name":"wp","href":"https:\/\/api.w.org\/{rel}","templated":true}]}}