{"id":1742,"date":"2021-12-23T09:38:44","date_gmt":"2021-12-23T12:38:44","guid":{"rendered":"https:\/\/gentell.com.br\/?p=1742"},"modified":"2022-01-20T17:43:21","modified_gmt":"2022-01-20T20:43:21","slug":"dezembro-vermelho-e-laranja","status":"publish","type":"post","link":"https:\/\/gentell.com.br\/es\/dezembro-vermelho-e-laranja\/","title":{"rendered":"Dezembro Vermelho e Laranja: Import\u00e2ncia da preven\u00e7\u00e3o e conscientiza\u00e7\u00e3o"},"content":{"rendered":"<p><span style=\"font-weight: 400;\">Duas campanhas de conscientiza\u00e7\u00e3o em dezembro v\u00eam crescendo entre os brasileiros &#8211; Dezembro Vermelho e Laranja apoiam a preven\u00e7\u00e3o e conscientiza\u00e7\u00e3o da popula\u00e7\u00e3o sobre o tratamento precoce da AIDS e HIV e ao c\u00e2ncer de pele.<\/span><\/p>\n<p><span style=\"font-weight: 400;\">A campanha Dezembro Laranja foi criada em 2014 pela Sociedade Brasileira de Dermatologia (SBD), como alerta ao c\u00e2ncer de pele. A cor laranja remete ao sol e ao tom de corpos bronzeados. <\/span><\/p>\n<p><span style=\"font-weight: 400;\">Neste m\u00eas se d\u00e1 in\u00edcio ao ver\u00e3o e \u00e9 caracterizado pelo aumento das temperaturas e da alta incid\u00eancia de raios ultravioleta (UV). Estarmos protegidos com protetores solares e tamb\u00e9m usarmos chap\u00e9u e \u00f3culos faz muita diferen\u00e7a para a preven\u00e7\u00e3o e autocuidado.\u00a0<\/span><\/p>\n<p><span style=\"font-weight: 400;\">Lembrando que todos precisamos de prote\u00e7\u00e3o! Pessoas de peles mais claras, que tenham sardas ou outras manchas precisam de cuidado acentuado.\u00a0<\/span><\/p>\n<p>&nbsp;<\/p>\n<p><i><span style=\"font-weight: 400;\">O ideal para a sa\u00fade dos ossos \u00e9 a exposi\u00e7\u00e3o ao sol (in\u00edcio da manh\u00e3 ou final da tarde) cerca de 10 a 15 minutos sem prote\u00e7\u00e3o &#8211; no restante dos hor\u00e1rios com a alta incid\u00eancia de raios solares \u00e9 necess\u00e1rio ter aten\u00e7\u00e3o redobrada.<\/span><\/i><\/p>\n<p>&nbsp;<\/p>\n<h2><span style=\"font-weight: 400;\">Luta contra \u00e0 AIDS e HIV\u00a0<\/span><\/h2>\n<p><span style=\"font-weight: 400;\">A campanha de Dezembro Vermelho lembra a import\u00e2ncia da prote\u00e7\u00e3o contra a Aids &#8211; doen\u00e7a cuja data mundial de combate \u00e9 lembrada no dia 1\u00b0 de dezembro.\u00a0<\/span><\/p>\n<p><span style=\"font-weight: 400;\">A campanha \u00e9 mundial e se tornou oficial no Brasil em 2017. O la\u00e7o vermelho \u00e9 visto como s\u00edmbolo de solidariedade e comprometimento na luta contra a Aids, foi criado em 1991, pela Visual Aids, em Nova York. A cor foi escolhida por causa da sua liga\u00e7\u00e3o com sangue e \u00e0 ideia de paix\u00e3o.<\/span><\/p>\n<p>&nbsp;<\/p>\n<p><span style=\"font-weight: 400;\">Vale ressaltar que a doen\u00e7a ainda n\u00e3o tem cura! Com o passar dos anos e incremento terap\u00eautico a doen\u00e7a ficou mais controlada, causando uma falsa impress\u00e3o de que deixou de ser problema. No entanto, a prote\u00e7\u00e3o continua sendo o principal rem\u00e9dio.\u00a0<\/span><\/p>\n<p><span style=\"font-weight: 400;\">A AIDS acomete qualquer indiv\u00edduo, seja homem ou mulher, idoso ou crian\u00e7a. A transmiss\u00e3o vertical (m\u00e3e para o filho) \u00e9 a principal via de infec\u00e7\u00e3o pelo HIV (V\u00edrus da imunodefici\u00eancia humana) na popula\u00e7\u00e3o infantil.\u00a0<\/span><\/p>\n<p><span style=\"font-weight: 400;\">No Brasil, essa forma de transmiss\u00e3o tem sido respons\u00e1vel por cerca de 90% dos casos notificados de AIDS em menores de 13 anos. Estima-se que 15% a 30% das crian\u00e7as nascidas de m\u00e3es soropositivas para o HIV adquirem o v\u00edrus na gesta\u00e7\u00e3o, durante o trabalho de parto ou por meio da amamenta\u00e7\u00e3o.\u00a0<\/span><\/p>\n<p>&nbsp;<\/p>\n<h3><span style=\"font-weight: 400;\">Datas para serem lembradas neste m\u00eas | Dezembro Vermelho e Laranja<\/span><\/h3>\n<ul>\n<li style=\"font-weight: 400;\" aria-level=\"1\"><b>3 de dezembro<\/b><span style=\"font-weight: 400;\">: Dia Internacional de Luta das Pessoas com Defici\u00eancia.<\/span><\/li>\n<li style=\"font-weight: 400;\" aria-level=\"1\"><b>9 de dezembro<\/b><span style=\"font-weight: 400;\">: Dia da Crian\u00e7a com Defici\u00eancia.<\/span><\/li>\n<li style=\"font-weight: 400;\" aria-level=\"1\"><b>10 de dezembro<\/b><span style=\"font-weight: 400;\">: Dia Internacional dos Direitos Humanos.\u00a0<\/span><\/li>\n<\/ul>\n<p>&nbsp;<\/p>\n<p><span style=\"font-weight: 400;\">Dia da pessoa com estomia, dia de luta das pessoas com defici\u00eancia, dia da crian\u00e7a com defici\u00eancia, na verdade, todos estes dias s\u00e3o de alerta, luta e conscientiza\u00e7\u00e3o sobre preven\u00e7\u00e3o e direitos.<\/span><\/p>\n<p><span style=\"font-weight: 400;\">Esta popula\u00e7\u00e3o tem voz, vamos respeit\u00e1-los e ouvi-los!\u00a0<\/span><\/p>\n<p>&nbsp;<\/p>\n<h2><span style=\"font-weight: 400;\">Desejamos um feliz e aben\u00e7oado Natal para todos!<\/span><\/h2>\n<p>&nbsp;<\/p>\n<p><b>Entre em contato conosco:<\/b><\/p>\n<p><b><a href=\"https:\/\/gentell.com.br\/es\/\">gentell.com.br<\/a> | <\/b><a href=\"https:\/\/www.instagram.com\/casexmedical\/\"><b>Instagram<\/b><\/a><\/p>","protected":false},"excerpt":{"rendered":"<p>Duas campanhas de conscientiza\u00e7\u00e3o em dezembro v\u00eam crescendo entre os brasileiros &#8211; Dezembro Vermelho e Laranja apoiam a preven\u00e7\u00e3o e conscientiza\u00e7\u00e3o da popula\u00e7\u00e3o sobre o tratamento precoce da AIDS e HIV e ao c\u00e2ncer de pele. A campanha Dezembro Laranja foi criada em 2014 pela Sociedade Brasileira de Dermatologia (SBD), como alerta ao c\u00e2ncer de [&hellip;]<\/p>","protected":false},"author":4,"featured_media":1743,"comment_status":"open","ping_status":"open","sticky":false,"template":"","format":"standard","meta":{"footnotes":""},"categories":[7],"tags":[59,22,51,107,40,41],"class_list":["post-1742","post","type-post","status-publish","format-standard","has-post-thumbnail","hentry","category-noticias","tag-bolsa-de-colostomia","tag-casex","tag-cuidados","tag-dezembro-vermelho-e-laranja","tag-estoma","tag-estomia"],"acf":[],"yoast_head":"<!-- This site is optimized with the Yoast SEO plugin v27.4 - https:\/\/yoast.com\/product\/yoast-seo-wordpress\/ -->\n<title>Dezembro Vermelho e Laranja: Import\u00e2ncia da preven\u00e7\u00e3o e conscientiza\u00e7\u00e3o - Gentell | We make it better<\/title>\n<meta name=\"description\" content=\"Dezembro Vermelho e Laranja apoiam a preven\u00e7\u00e3o e conscientiza\u00e7\u00e3o da popula\u00e7\u00e3o sobre o tratamento precoce da AIDS e HIV e ao c\u00e2ncer de pele.\" \/>\n<meta name=\"robots\" content=\"index, follow, max-snippet:-1, max-image-preview:large, max-video-preview:-1\" \/>\n<link rel=\"canonical\" href=\"https:\/\/gentell.com.br\/es\/dezembro-vermelho-e-laranja\/\" \/>\n<meta property=\"og:locale\" content=\"es_ES\" \/>\n<meta property=\"og:type\" content=\"article\" \/>\n<meta property=\"og:title\" content=\"Dezembro Vermelho e Laranja: Import\u00e2ncia da preven\u00e7\u00e3o e conscientiza\u00e7\u00e3o - Gentell | We make it better\" \/>\n<meta property=\"og:description\" content=\"Dezembro Vermelho e Laranja apoiam a preven\u00e7\u00e3o e conscientiza\u00e7\u00e3o da popula\u00e7\u00e3o sobre o tratamento precoce da AIDS e HIV e ao c\u00e2ncer de pele.\" \/>\n<meta property=\"og:url\" content=\"https:\/\/gentell.com.br\/es\/dezembro-vermelho-e-laranja\/\" \/>\n<meta property=\"og:site_name\" content=\"Gentell | We make it better\" \/>\n<meta property=\"article:published_time\" content=\"2021-12-23T12:38:44+00:00\" \/>\n<meta property=\"article:modified_time\" content=\"2022-01-20T20:43:21+00:00\" \/>\n<meta property=\"og:image\" content=\"https:\/\/gentell.com.br\/wp-content\/uploads\/2021\/12\/Dezembro-Vermelho-e-Laranja-Importancia-da-prevencao-e-conscientizacao-Casex.png\" \/>\n\t<meta property=\"og:image:width\" content=\"1200\" \/>\n\t<meta property=\"og:image:height\" content=\"788\" \/>\n\t<meta property=\"og:image:type\" content=\"image\/png\" \/>\n<meta name=\"author\" content=\"Bruna Gazabin\" \/>\n<meta name=\"twitter:card\" content=\"summary_large_image\" \/>\n<meta name=\"twitter:label1\" content=\"Escrito por\" \/>\n\t<meta name=\"twitter:data1\" content=\"Bruna Gazabin\" \/>\n\t<meta name=\"twitter:label2\" content=\"Tiempo de lectura\" \/>\n\t<meta name=\"twitter:data2\" content=\"3 minutos\" \/>\n<script type=\"application\/ld+json\" class=\"yoast-schema-graph\">{\"@context\":\"https:\\\/\\\/schema.org\",\"@graph\":[{\"@type\":\"Article\",\"@id\":\"https:\\\/\\\/gentell.com.br\\\/dezembro-vermelho-e-laranja\\\/#article\",\"isPartOf\":{\"@id\":\"https:\\\/\\\/gentell.com.br\\\/dezembro-vermelho-e-laranja\\\/\"},\"author\":{\"name\":\"Bruna Gazabin\",\"@id\":\"https:\\\/\\\/gentell.com.br\\\/#\\\/schema\\\/person\\\/60cb96a4a84e1c2fb5efc13c20439301\"},\"headline\":\"Dezembro Vermelho e Laranja: Import\u00e2ncia da preven\u00e7\u00e3o e conscientiza\u00e7\u00e3o\",\"datePublished\":\"2021-12-23T12:38:44+00:00\",\"dateModified\":\"2022-01-20T20:43:21+00:00\",\"mainEntityOfPage\":{\"@id\":\"https:\\\/\\\/gentell.com.br\\\/dezembro-vermelho-e-laranja\\\/\"},\"wordCount\":544,\"commentCount\":0,\"publisher\":{\"@id\":\"https:\\\/\\\/gentell.com.br\\\/#organization\"},\"image\":{\"@id\":\"https:\\\/\\\/gentell.com.br\\\/dezembro-vermelho-e-laranja\\\/#primaryimage\"},\"thumbnailUrl\":\"https:\\\/\\\/gentell.com.br\\\/wp-content\\\/uploads\\\/2021\\\/12\\\/Dezembro-Vermelho-e-Laranja-Importancia-da-prevencao-e-conscientizacao-Casex.png\",\"keywords\":[\"bolsa de colostomia\",\"CASEX\",\"cuidados\",\"Dezembro Vermelho e Laranja\",\"estoma\",\"estomia\"],\"articleSection\":[\"Not\u00edcias\"],\"inLanguage\":\"es\",\"potentialAction\":[{\"@type\":\"CommentAction\",\"name\":\"Comment\",\"target\":[\"https:\\\/\\\/gentell.com.br\\\/dezembro-vermelho-e-laranja\\\/#respond\"]}]},{\"@type\":\"WebPage\",\"@id\":\"https:\\\/\\\/gentell.com.br\\\/dezembro-vermelho-e-laranja\\\/\",\"url\":\"https:\\\/\\\/gentell.com.br\\\/dezembro-vermelho-e-laranja\\\/\",\"name\":\"Dezembro Vermelho e Laranja: Import\u00e2ncia da preven\u00e7\u00e3o e conscientiza\u00e7\u00e3o - Gentell | We make it better\",\"isPartOf\":{\"@id\":\"https:\\\/\\\/gentell.com.br\\\/#website\"},\"primaryImageOfPage\":{\"@id\":\"https:\\\/\\\/gentell.com.br\\\/dezembro-vermelho-e-laranja\\\/#primaryimage\"},\"image\":{\"@id\":\"https:\\\/\\\/gentell.com.br\\\/dezembro-vermelho-e-laranja\\\/#primaryimage\"},\"thumbnailUrl\":\"https:\\\/\\\/gentell.com.br\\\/wp-content\\\/uploads\\\/2021\\\/12\\\/Dezembro-Vermelho-e-Laranja-Importancia-da-prevencao-e-conscientizacao-Casex.png\",\"datePublished\":\"2021-12-23T12:38:44+00:00\",\"dateModified\":\"2022-01-20T20:43:21+00:00\",\"description\":\"Dezembro Vermelho e Laranja apoiam a preven\u00e7\u00e3o e conscientiza\u00e7\u00e3o da popula\u00e7\u00e3o sobre o tratamento precoce da AIDS e HIV e ao c\u00e2ncer de pele.\",\"breadcrumb\":{\"@id\":\"https:\\\/\\\/gentell.com.br\\\/dezembro-vermelho-e-laranja\\\/#breadcrumb\"},\"inLanguage\":\"es\",\"potentialAction\":[{\"@type\":\"ReadAction\",\"target\":[\"https:\\\/\\\/gentell.com.br\\\/dezembro-vermelho-e-laranja\\\/\"]}]},{\"@type\":\"ImageObject\",\"inLanguage\":\"es\",\"@id\":\"https:\\\/\\\/gentell.com.br\\\/dezembro-vermelho-e-laranja\\\/#primaryimage\",\"url\":\"https:\\\/\\\/gentell.com.br\\\/wp-content\\\/uploads\\\/2021\\\/12\\\/Dezembro-Vermelho-e-Laranja-Importancia-da-prevencao-e-conscientizacao-Casex.png\",\"contentUrl\":\"https:\\\/\\\/gentell.com.br\\\/wp-content\\\/uploads\\\/2021\\\/12\\\/Dezembro-Vermelho-e-Laranja-Importancia-da-prevencao-e-conscientizacao-Casex.png\",\"width\":1200,\"height\":788,\"caption\":\"Dezembro Vermelho e Laranja: Import\u00e2ncia da preven\u00e7\u00e3o e conscientiza\u00e7\u00e3o\"},{\"@type\":\"BreadcrumbList\",\"@id\":\"https:\\\/\\\/gentell.com.br\\\/dezembro-vermelho-e-laranja\\\/#breadcrumb\",\"itemListElement\":[{\"@type\":\"ListItem\",\"position\":1,\"name\":\"In\u00edcio\",\"item\":\"https:\\\/\\\/gentell.com.br\\\/\"},{\"@type\":\"ListItem\",\"position\":2,\"name\":\"Dezembro Vermelho e Laranja: Import\u00e2ncia da preven\u00e7\u00e3o e conscientiza\u00e7\u00e3o\"}]},{\"@type\":\"WebSite\",\"@id\":\"https:\\\/\\\/gentell.com.br\\\/#website\",\"url\":\"https:\\\/\\\/gentell.com.br\\\/\",\"name\":\"Gentell | We make it better\",\"description\":\"Bolsa de Colostomia, Curativos e Acess\u00f3rios\",\"publisher\":{\"@id\":\"https:\\\/\\\/gentell.com.br\\\/#organization\"},\"potentialAction\":[{\"@type\":\"SearchAction\",\"target\":{\"@type\":\"EntryPoint\",\"urlTemplate\":\"https:\\\/\\\/gentell.com.br\\\/?s={search_term_string}\"},\"query-input\":{\"@type\":\"PropertyValueSpecification\",\"valueRequired\":true,\"valueName\":\"search_term_string\"}}],\"inLanguage\":\"es\"},{\"@type\":\"Organization\",\"@id\":\"https:\\\/\\\/gentell.com.br\\\/#organization\",\"name\":\"Gentell | We make it better\",\"url\":\"https:\\\/\\\/gentell.com.br\\\/\",\"logo\":{\"@type\":\"ImageObject\",\"inLanguage\":\"es\",\"@id\":\"https:\\\/\\\/gentell.com.br\\\/#\\\/schema\\\/logo\\\/image\\\/\",\"url\":\"https:\\\/\\\/gentell.com.br\\\/wp-content\\\/uploads\\\/2021\\\/03\\\/Gentell-Logo.png\",\"contentUrl\":\"https:\\\/\\\/gentell.com.br\\\/wp-content\\\/uploads\\\/2021\\\/03\\\/Gentell-Logo.png\",\"width\":1024,\"height\":276,\"caption\":\"Gentell | We make it better\"},\"image\":{\"@id\":\"https:\\\/\\\/gentell.com.br\\\/#\\\/schema\\\/logo\\\/image\\\/\"}},{\"@type\":\"Person\",\"@id\":\"https:\\\/\\\/gentell.com.br\\\/#\\\/schema\\\/person\\\/60cb96a4a84e1c2fb5efc13c20439301\",\"name\":\"Bruna Gazabin\",\"image\":{\"@type\":\"ImageObject\",\"inLanguage\":\"es\",\"@id\":\"https:\\\/\\\/secure.gravatar.com\\\/avatar\\\/272d6e1c9692e036328c8ea33d3aa9e2e32919702a778782b275512e0123a0be?s=96&d=mm&r=g\",\"url\":\"https:\\\/\\\/secure.gravatar.com\\\/avatar\\\/272d6e1c9692e036328c8ea33d3aa9e2e32919702a778782b275512e0123a0be?s=96&d=mm&r=g\",\"contentUrl\":\"https:\\\/\\\/secure.gravatar.com\\\/avatar\\\/272d6e1c9692e036328c8ea33d3aa9e2e32919702a778782b275512e0123a0be?s=96&d=mm&r=g\",\"caption\":\"Bruna Gazabin\"},\"url\":\"https:\\\/\\\/gentell.com.br\\\/es\\\/author\\\/bruna-gazabin\\\/\"}]}<\/script>\n<!-- \/ Yoast SEO plugin. -->","yoast_head_json":{"title":"Dezembro Vermelho e Laranja: Import\u00e2ncia da preven\u00e7\u00e3o e conscientiza\u00e7\u00e3o - Gentell | We make it better","description":"Dezembro Vermelho e Laranja apoiam a preven\u00e7\u00e3o e conscientiza\u00e7\u00e3o da popula\u00e7\u00e3o sobre o tratamento precoce da AIDS e HIV e ao c\u00e2ncer de pele.","robots":{"index":"index","follow":"follow","max-snippet":"max-snippet:-1","max-image-preview":"max-image-preview:large","max-video-preview":"max-video-preview:-1"},"canonical":"https:\/\/gentell.com.br\/es\/dezembro-vermelho-e-laranja\/","og_locale":"es_ES","og_type":"article","og_title":"Dezembro Vermelho e Laranja: Import\u00e2ncia da preven\u00e7\u00e3o e conscientiza\u00e7\u00e3o - Gentell | We make it better","og_description":"Dezembro Vermelho e Laranja apoiam a preven\u00e7\u00e3o e conscientiza\u00e7\u00e3o da popula\u00e7\u00e3o sobre o tratamento precoce da AIDS e HIV e ao c\u00e2ncer de pele.","og_url":"https:\/\/gentell.com.br\/es\/dezembro-vermelho-e-laranja\/","og_site_name":"Gentell | We make it better","article_published_time":"2021-12-23T12:38:44+00:00","article_modified_time":"2022-01-20T20:43:21+00:00","og_image":[{"width":1200,"height":788,"url":"https:\/\/gentell.com.br\/wp-content\/uploads\/2021\/12\/Dezembro-Vermelho-e-Laranja-Importancia-da-prevencao-e-conscientizacao-Casex.png","type":"image\/png"}],"author":"Bruna Gazabin","twitter_card":"summary_large_image","twitter_misc":{"Escrito por":"Bruna Gazabin","Tiempo de lectura":"3 minutos"},"schema":{"@context":"https:\/\/schema.org","@graph":[{"@type":"Article","@id":"https:\/\/gentell.com.br\/dezembro-vermelho-e-laranja\/#article","isPartOf":{"@id":"https:\/\/gentell.com.br\/dezembro-vermelho-e-laranja\/"},"author":{"name":"Bruna Gazabin","@id":"https:\/\/gentell.com.br\/#\/schema\/person\/60cb96a4a84e1c2fb5efc13c20439301"},"headline":"Dezembro Vermelho e Laranja: Import\u00e2ncia da preven\u00e7\u00e3o e conscientiza\u00e7\u00e3o","datePublished":"2021-12-23T12:38:44+00:00","dateModified":"2022-01-20T20:43:21+00:00","mainEntityOfPage":{"@id":"https:\/\/gentell.com.br\/dezembro-vermelho-e-laranja\/"},"wordCount":544,"commentCount":0,"publisher":{"@id":"https:\/\/gentell.com.br\/#organization"},"image":{"@id":"https:\/\/gentell.com.br\/dezembro-vermelho-e-laranja\/#primaryimage"},"thumbnailUrl":"https:\/\/gentell.com.br\/wp-content\/uploads\/2021\/12\/Dezembro-Vermelho-e-Laranja-Importancia-da-prevencao-e-conscientizacao-Casex.png","keywords":["bolsa de colostomia","CASEX","cuidados","Dezembro Vermelho e Laranja","estoma","estomia"],"articleSection":["Not\u00edcias"],"inLanguage":"es","potentialAction":[{"@type":"CommentAction","name":"Comment","target":["https:\/\/gentell.com.br\/dezembro-vermelho-e-laranja\/#respond"]}]},{"@type":"WebPage","@id":"https:\/\/gentell.com.br\/dezembro-vermelho-e-laranja\/","url":"https:\/\/gentell.com.br\/dezembro-vermelho-e-laranja\/","name":"Dezembro Vermelho e Laranja: Import\u00e2ncia da preven\u00e7\u00e3o e conscientiza\u00e7\u00e3o - Gentell | We make it better","isPartOf":{"@id":"https:\/\/gentell.com.br\/#website"},"primaryImageOfPage":{"@id":"https:\/\/gentell.com.br\/dezembro-vermelho-e-laranja\/#primaryimage"},"image":{"@id":"https:\/\/gentell.com.br\/dezembro-vermelho-e-laranja\/#primaryimage"},"thumbnailUrl":"https:\/\/gentell.com.br\/wp-content\/uploads\/2021\/12\/Dezembro-Vermelho-e-Laranja-Importancia-da-prevencao-e-conscientizacao-Casex.png","datePublished":"2021-12-23T12:38:44+00:00","dateModified":"2022-01-20T20:43:21+00:00","description":"Dezembro Vermelho e Laranja apoiam a preven\u00e7\u00e3o e conscientiza\u00e7\u00e3o da popula\u00e7\u00e3o sobre o tratamento precoce da AIDS e HIV e ao c\u00e2ncer de pele.","breadcrumb":{"@id":"https:\/\/gentell.com.br\/dezembro-vermelho-e-laranja\/#breadcrumb"},"inLanguage":"es","potentialAction":[{"@type":"ReadAction","target":["https:\/\/gentell.com.br\/dezembro-vermelho-e-laranja\/"]}]},{"@type":"ImageObject","inLanguage":"es","@id":"https:\/\/gentell.com.br\/dezembro-vermelho-e-laranja\/#primaryimage","url":"https:\/\/gentell.com.br\/wp-content\/uploads\/2021\/12\/Dezembro-Vermelho-e-Laranja-Importancia-da-prevencao-e-conscientizacao-Casex.png","contentUrl":"https:\/\/gentell.com.br\/wp-content\/uploads\/2021\/12\/Dezembro-Vermelho-e-Laranja-Importancia-da-prevencao-e-conscientizacao-Casex.png","width":1200,"height":788,"caption":"Dezembro Vermelho e Laranja: Import\u00e2ncia da preven\u00e7\u00e3o e conscientiza\u00e7\u00e3o"},{"@type":"BreadcrumbList","@id":"https:\/\/gentell.com.br\/dezembro-vermelho-e-laranja\/#breadcrumb","itemListElement":[{"@type":"ListItem","position":1,"name":"In\u00edcio","item":"https:\/\/gentell.com.br\/"},{"@type":"ListItem","position":2,"name":"Dezembro Vermelho e Laranja: Import\u00e2ncia da preven\u00e7\u00e3o e conscientiza\u00e7\u00e3o"}]},{"@type":"WebSite","@id":"https:\/\/gentell.com.br\/#website","url":"https:\/\/gentell.com.br\/","name":"Gentell | We make it better","description":"Bolsa de Colostomia, Curativos e Acess\u00f3rios","publisher":{"@id":"https:\/\/gentell.com.br\/#organization"},"potentialAction":[{"@type":"SearchAction","target":{"@type":"EntryPoint","urlTemplate":"https:\/\/gentell.com.br\/?s={search_term_string}"},"query-input":{"@type":"PropertyValueSpecification","valueRequired":true,"valueName":"search_term_string"}}],"inLanguage":"es"},{"@type":"Organization","@id":"https:\/\/gentell.com.br\/#organization","name":"Gentell | We make it better","url":"https:\/\/gentell.com.br\/","logo":{"@type":"ImageObject","inLanguage":"es","@id":"https:\/\/gentell.com.br\/#\/schema\/logo\/image\/","url":"https:\/\/gentell.com.br\/wp-content\/uploads\/2021\/03\/Gentell-Logo.png","contentUrl":"https:\/\/gentell.com.br\/wp-content\/uploads\/2021\/03\/Gentell-Logo.png","width":1024,"height":276,"caption":"Gentell | We make it better"},"image":{"@id":"https:\/\/gentell.com.br\/#\/schema\/logo\/image\/"}},{"@type":"Person","@id":"https:\/\/gentell.com.br\/#\/schema\/person\/60cb96a4a84e1c2fb5efc13c20439301","name":"Bruna Gazabin","image":{"@type":"ImageObject","inLanguage":"es","@id":"https:\/\/secure.gravatar.com\/avatar\/272d6e1c9692e036328c8ea33d3aa9e2e32919702a778782b275512e0123a0be?s=96&d=mm&r=g","url":"https:\/\/secure.gravatar.com\/avatar\/272d6e1c9692e036328c8ea33d3aa9e2e32919702a778782b275512e0123a0be?s=96&d=mm&r=g","contentUrl":"https:\/\/secure.gravatar.com\/avatar\/272d6e1c9692e036328c8ea33d3aa9e2e32919702a778782b275512e0123a0be?s=96&d=mm&r=g","caption":"Bruna Gazabin"},"url":"https:\/\/gentell.com.br\/es\/author\/bruna-gazabin\/"}]}},"_links":{"self":[{"href":"https:\/\/gentell.com.br\/es\/wp-json\/wp\/v2\/posts\/1742","targetHints":{"allow":["GET"]}}],"collection":[{"href":"https:\/\/gentell.com.br\/es\/wp-json\/wp\/v2\/posts"}],"about":[{"href":"https:\/\/gentell.com.br\/es\/wp-json\/wp\/v2\/types\/post"}],"author":[{"embeddable":true,"href":"https:\/\/gentell.com.br\/es\/wp-json\/wp\/v2\/users\/4"}],"replies":[{"embeddable":true,"href":"https:\/\/gentell.com.br\/es\/wp-json\/wp\/v2\/comments?post=1742"}],"version-history":[{"count":3,"href":"https:\/\/gentell.com.br\/es\/wp-json\/wp\/v2\/posts\/1742\/revisions"}],"predecessor-version":[{"id":1747,"href":"https:\/\/gentell.com.br\/es\/wp-json\/wp\/v2\/posts\/1742\/revisions\/1747"}],"wp:featuredmedia":[{"embeddable":true,"href":"https:\/\/gentell.com.br\/es\/wp-json\/wp\/v2\/media\/1743"}],"wp:attachment":[{"href":"https:\/\/gentell.com.br\/es\/wp-json\/wp\/v2\/media?parent=1742"}],"wp:term":[{"taxonomy":"category","embeddable":true,"href":"https:\/\/gentell.com.br\/es\/wp-json\/wp\/v2\/categories?post=1742"},{"taxonomy":"post_tag","embeddable":true,"href":"https:\/\/gentell.com.br\/es\/wp-json\/wp\/v2\/tags?post=1742"}],"curies":[{"name":"wp","href":"https:\/\/api.w.org\/{rel}","templated":true}]}}