{"id":2847,"date":"2026-03-13T16:10:19","date_gmt":"2026-03-13T19:10:19","guid":{"rendered":"https:\/\/gentell.com.br\/?p=2847"},"modified":"2026-03-13T16:10:19","modified_gmt":"2026-03-13T19:10:19","slug":"marco-azul-conscientizacao-cancer-colorretal","status":"publish","type":"post","link":"https:\/\/gentell.com.br\/es\/marco-azul-conscientizacao-cancer-colorretal\/","title":{"rendered":"Mar\u00e7o Azul: preven\u00e7\u00e3o que come\u00e7a antes dos sintomas"},"content":{"rendered":"<p><span style=\"font-weight: 400;\">O Mar\u00e7o Azul refor\u00e7a a import\u00e2ncia da conscientiza\u00e7\u00e3o sobre o c\u00e2ncer colorretal, uma das neoplasias mais incidentes no mundo.<\/span><\/p>\n<p><span style=\"font-weight: 400;\">A doen\u00e7a pode evoluir de forma silenciosa por anos, sem sinais evidentes nas fases iniciais.<\/span><span style=\"font-weight: 400;\"><br \/>\n<\/span><span style=\"font-weight: 400;\"> Quando os sintomas aparecem, muitas vezes o quadro j\u00e1 est\u00e1 mais avan\u00e7ado.<\/span><\/p>\n<p><span style=\"font-weight: 400;\">Por isso, o rastreamento n\u00e3o deve depender da presen\u00e7a de dor ou desconforto.<\/span><span style=\"font-weight: 400;\"><br \/>\n<\/span><span style=\"font-weight: 400;\"> Preven\u00e7\u00e3o \u00e9 decis\u00e3o antecipada.<\/span><\/p>\n<h2><b>Por que o diagn\u00f3stico precoce faz diferen\u00e7a<\/b><\/h2>\n<p><span style=\"font-weight: 400;\">Grande parte dos casos de c\u00e2ncer colorretal se desenvolve a partir de p\u00f3lipos que podem ser identificados e removidos antes de se tornarem malignos.<\/span><\/p>\n<p><span style=\"font-weight: 400;\">O diagn\u00f3stico em est\u00e1gio inicial:<\/span><\/p>\n<p><span style=\"font-weight: 400;\">Aumenta significativamente as chances de tratamento eficaz.<\/span><span style=\"font-weight: 400;\"><br \/>\n<\/span><span style=\"font-weight: 400;\"> Reduz a necessidade de procedimentos invasivos.<\/span><span style=\"font-weight: 400;\"><br \/>\n<\/span><span style=\"font-weight: 400;\"> Diminui o impacto f\u00edsico e emocional.<\/span><span style=\"font-weight: 400;\"><br \/>\n<\/span><span style=\"font-weight: 400;\"> Contribui para melhores taxas de sobrevida.<\/span><\/p>\n<p><span style=\"font-weight: 400;\">A colonoscopia e os exames indicados pelo profissional de sa\u00fade s\u00e3o ferramentas fundamentais nesse processo.<\/span><\/p>\n<h2><b>Aten\u00e7\u00e3o aos sinais do corpo<\/b><\/h2>\n<p><span style=\"font-weight: 400;\">Embora o rastreamento deva ser peri\u00f3dico, alguns sintomas merecem investiga\u00e7\u00e3o imediata:<\/span><\/p>\n<p><span style=\"font-weight: 400;\">Presen\u00e7a de sangue nas fezes.<\/span><span style=\"font-weight: 400;\"><br \/>\n<\/span><span style=\"font-weight: 400;\"> Altera\u00e7\u00e3o persistente no h\u00e1bito intestinal.<\/span><span style=\"font-weight: 400;\"><br \/>\n<\/span><span style=\"font-weight: 400;\"> Mudan\u00e7a no formato das fezes.<\/span><span style=\"font-weight: 400;\"><br \/>\n<\/span><span style=\"font-weight: 400;\"> Dor abdominal recorrente.<\/span><span style=\"font-weight: 400;\"><br \/>\n<\/span><span style=\"font-weight: 400;\"> Perda de peso sem causa aparente.<\/span><\/p>\n<p><span style=\"font-weight: 400;\">Ignorar sinais pode atrasar o diagn\u00f3stico.<\/span><\/p>\n<h2><b>Preven\u00e7\u00e3o tamb\u00e9m envolve estilo de vida<\/b><\/h2>\n<p><span style=\"font-weight: 400;\">Al\u00e9m dos exames, h\u00e1bitos di\u00e1rios influenciam o risco:<\/span><\/p>\n<p><span style=\"font-weight: 400;\">Alimenta\u00e7\u00e3o rica em fibras.<\/span><span style=\"font-weight: 400;\"><br \/>\n<\/span><span style=\"font-weight: 400;\"> Redu\u00e7\u00e3o do consumo de carnes processadas.<\/span><span style=\"font-weight: 400;\"><br \/>\n<\/span><span style=\"font-weight: 400;\"> Pr\u00e1tica regular de atividade f\u00edsica.<\/span><span style=\"font-weight: 400;\"><br \/>\n<\/span><span style=\"font-weight: 400;\"> Controle do peso corporal.<\/span><span style=\"font-weight: 400;\"><br \/>\n<\/span><span style=\"font-weight: 400;\"> Evitar tabagismo e consumo excessivo de \u00e1lcool.<\/span><\/p>\n<p><span style=\"font-weight: 400;\">Pequenas mudan\u00e7as sustent\u00e1veis reduzem riscos ao longo do tempo.<\/span><\/p>\n<h2><b>O papel da Gentell<\/b><\/h2>\n<p><span style=\"font-weight: 400;\">A Gentell reconhece que o cuidado come\u00e7a na informa\u00e7\u00e3o.<\/span><\/p>\n<p><span style=\"font-weight: 400;\">Ao apoiar campanhas de conscientiza\u00e7\u00e3o e promover educa\u00e7\u00e3o em sa\u00fade, refor\u00e7a a import\u00e2ncia do diagn\u00f3stico precoce e do cuidado cont\u00ednuo em todas as fases da vida.<\/span><\/p>\n<h2><b>Conclus\u00e3o<\/b><\/h2>\n<p><span style=\"font-weight: 400;\">Mar\u00e7o Azul \u00e9 mais do que uma campanha.<\/span><span style=\"font-weight: 400;\"><br \/>\n<\/span><span style=\"font-weight: 400;\"> \u00c9 um convite \u00e0 a\u00e7\u00e3o preventiva.<\/span><\/p>\n<p><span style=\"font-weight: 400;\">Investigar cedo, acompanhar regularmente e adotar h\u00e1bitos saud\u00e1veis s\u00e3o decis\u00f5es que podem salvar vidas.<\/span><\/p>\n<p><span style=\"font-weight: 400;\">Gentell \u2014 cuidado cont\u00ednuo em todas as fases da vida.<\/span><\/p>","protected":false},"excerpt":{"rendered":"<p>O Mar\u00e7o Azul refor\u00e7a a import\u00e2ncia da conscientiza\u00e7\u00e3o sobre o c\u00e2ncer colorretal, uma das neoplasias mais incidentes no mundo. A doen\u00e7a pode evoluir de forma silenciosa por anos, sem sinais evidentes nas fases iniciais. Quando os sintomas aparecem, muitas vezes o quadro j\u00e1 est\u00e1 mais avan\u00e7ado. Por isso, o rastreamento n\u00e3o deve depender da presen\u00e7a [&hellip;]<\/p>","protected":false},"author":2,"featured_media":2848,"comment_status":"open","ping_status":"open","sticky":false,"template":"","format":"standard","meta":{"footnotes":""},"categories":[83,7,8,70,71],"tags":[],"class_list":["post-2847","post","type-post","status-publish","format-standard","has-post-thumbnail","hentry","category-enfermeiros","category-noticias","category-pacientes","category-parana","category-santa-catarina"],"acf":[],"yoast_head":"<!-- This site is optimized with the Yoast SEO plugin v27.4 - https:\/\/yoast.com\/product\/yoast-seo-wordpress\/ -->\n<title>Mar\u00e7o Azul: preven\u00e7\u00e3o que come\u00e7a antes dos sintomas - Gentell | We make it better<\/title>\n<meta name=\"description\" content=\"Mar\u00e7o Azul refor\u00e7a a import\u00e2ncia da preven\u00e7\u00e3o e do diagn\u00f3stico precoce do c\u00e2ncer colorretal. Entenda os sinais, fatores de risco e como se cuidar.\" \/>\n<meta name=\"robots\" content=\"index, follow, max-snippet:-1, max-image-preview:large, max-video-preview:-1\" \/>\n<link rel=\"canonical\" href=\"https:\/\/gentell.com.br\/es\/marco-azul-conscientizacao-cancer-colorretal\/\" \/>\n<meta property=\"og:locale\" content=\"es_ES\" \/>\n<meta property=\"og:type\" content=\"article\" \/>\n<meta property=\"og:title\" content=\"Mar\u00e7o Azul: preven\u00e7\u00e3o que come\u00e7a antes dos sintomas - Gentell | We make it better\" \/>\n<meta property=\"og:description\" content=\"Mar\u00e7o Azul refor\u00e7a a import\u00e2ncia da preven\u00e7\u00e3o e do diagn\u00f3stico precoce do c\u00e2ncer colorretal. Entenda os sinais, fatores de risco e como se cuidar.\" \/>\n<meta property=\"og:url\" content=\"https:\/\/gentell.com.br\/es\/marco-azul-conscientizacao-cancer-colorretal\/\" \/>\n<meta property=\"og:site_name\" content=\"Gentell | We make it better\" \/>\n<meta property=\"article:published_time\" content=\"2026-03-13T19:10:19+00:00\" \/>\n<meta property=\"og:image\" content=\"https:\/\/gentell.com.br\/wp-content\/uploads\/2026\/03\/man-with-prostate-cancer-ribbon-scaled.jpg\" \/>\n\t<meta property=\"og:image:width\" content=\"2560\" \/>\n\t<meta property=\"og:image:height\" content=\"1708\" \/>\n\t<meta property=\"og:image:type\" content=\"image\/jpeg\" \/>\n<meta name=\"author\" content=\"bddb\" \/>\n<meta name=\"twitter:card\" content=\"summary_large_image\" \/>\n<meta name=\"twitter:label1\" content=\"Escrito por\" \/>\n\t<meta name=\"twitter:data1\" content=\"bddb\" \/>\n\t<meta name=\"twitter:label2\" content=\"Tiempo de lectura\" \/>\n\t<meta name=\"twitter:data2\" content=\"2 minutos\" \/>\n<script type=\"application\/ld+json\" class=\"yoast-schema-graph\">{\"@context\":\"https:\\\/\\\/schema.org\",\"@graph\":[{\"@type\":\"Article\",\"@id\":\"https:\\\/\\\/gentell.com.br\\\/marco-azul-conscientizacao-cancer-colorretal\\\/#article\",\"isPartOf\":{\"@id\":\"https:\\\/\\\/gentell.com.br\\\/marco-azul-conscientizacao-cancer-colorretal\\\/\"},\"author\":{\"name\":\"bddb\",\"@id\":\"https:\\\/\\\/gentell.com.br\\\/#\\\/schema\\\/person\\\/6286a1c39b12e6d0a2f45531cb770640\"},\"headline\":\"Mar\u00e7o Azul: preven\u00e7\u00e3o que come\u00e7a antes dos sintomas\",\"datePublished\":\"2026-03-13T19:10:19+00:00\",\"mainEntityOfPage\":{\"@id\":\"https:\\\/\\\/gentell.com.br\\\/marco-azul-conscientizacao-cancer-colorretal\\\/\"},\"wordCount\":374,\"commentCount\":0,\"publisher\":{\"@id\":\"https:\\\/\\\/gentell.com.br\\\/#organization\"},\"image\":{\"@id\":\"https:\\\/\\\/gentell.com.br\\\/marco-azul-conscientizacao-cancer-colorretal\\\/#primaryimage\"},\"thumbnailUrl\":\"https:\\\/\\\/gentell.com.br\\\/wp-content\\\/uploads\\\/2026\\\/03\\\/man-with-prostate-cancer-ribbon-scaled.jpg\",\"articleSection\":[\"Enfermeiros\",\"Not\u00edcias\",\"Pacientes\",\"Paran\u00e1\",\"Santa Catarina\"],\"inLanguage\":\"es\",\"potentialAction\":[{\"@type\":\"CommentAction\",\"name\":\"Comment\",\"target\":[\"https:\\\/\\\/gentell.com.br\\\/marco-azul-conscientizacao-cancer-colorretal\\\/#respond\"]}]},{\"@type\":\"WebPage\",\"@id\":\"https:\\\/\\\/gentell.com.br\\\/marco-azul-conscientizacao-cancer-colorretal\\\/\",\"url\":\"https:\\\/\\\/gentell.com.br\\\/marco-azul-conscientizacao-cancer-colorretal\\\/\",\"name\":\"Mar\u00e7o Azul: preven\u00e7\u00e3o que come\u00e7a antes dos sintomas - Gentell | We make it better\",\"isPartOf\":{\"@id\":\"https:\\\/\\\/gentell.com.br\\\/#website\"},\"primaryImageOfPage\":{\"@id\":\"https:\\\/\\\/gentell.com.br\\\/marco-azul-conscientizacao-cancer-colorretal\\\/#primaryimage\"},\"image\":{\"@id\":\"https:\\\/\\\/gentell.com.br\\\/marco-azul-conscientizacao-cancer-colorretal\\\/#primaryimage\"},\"thumbnailUrl\":\"https:\\\/\\\/gentell.com.br\\\/wp-content\\\/uploads\\\/2026\\\/03\\\/man-with-prostate-cancer-ribbon-scaled.jpg\",\"datePublished\":\"2026-03-13T19:10:19+00:00\",\"description\":\"Mar\u00e7o Azul refor\u00e7a a import\u00e2ncia da preven\u00e7\u00e3o e do diagn\u00f3stico precoce do c\u00e2ncer colorretal. Entenda os sinais, fatores de risco e como se cuidar.\",\"breadcrumb\":{\"@id\":\"https:\\\/\\\/gentell.com.br\\\/marco-azul-conscientizacao-cancer-colorretal\\\/#breadcrumb\"},\"inLanguage\":\"es\",\"potentialAction\":[{\"@type\":\"ReadAction\",\"target\":[\"https:\\\/\\\/gentell.com.br\\\/marco-azul-conscientizacao-cancer-colorretal\\\/\"]}]},{\"@type\":\"ImageObject\",\"inLanguage\":\"es\",\"@id\":\"https:\\\/\\\/gentell.com.br\\\/marco-azul-conscientizacao-cancer-colorretal\\\/#primaryimage\",\"url\":\"https:\\\/\\\/gentell.com.br\\\/wp-content\\\/uploads\\\/2026\\\/03\\\/man-with-prostate-cancer-ribbon-scaled.jpg\",\"contentUrl\":\"https:\\\/\\\/gentell.com.br\\\/wp-content\\\/uploads\\\/2026\\\/03\\\/man-with-prostate-cancer-ribbon-scaled.jpg\",\"width\":2560,\"height\":1708},{\"@type\":\"BreadcrumbList\",\"@id\":\"https:\\\/\\\/gentell.com.br\\\/marco-azul-conscientizacao-cancer-colorretal\\\/#breadcrumb\",\"itemListElement\":[{\"@type\":\"ListItem\",\"position\":1,\"name\":\"In\u00edcio\",\"item\":\"https:\\\/\\\/gentell.com.br\\\/\"},{\"@type\":\"ListItem\",\"position\":2,\"name\":\"Mar\u00e7o Azul: preven\u00e7\u00e3o que come\u00e7a antes dos sintomas\"}]},{\"@type\":\"WebSite\",\"@id\":\"https:\\\/\\\/gentell.com.br\\\/#website\",\"url\":\"https:\\\/\\\/gentell.com.br\\\/\",\"name\":\"Gentell | We make it better\",\"description\":\"Bolsa de Colostomia, Curativos e Acess\u00f3rios\",\"publisher\":{\"@id\":\"https:\\\/\\\/gentell.com.br\\\/#organization\"},\"potentialAction\":[{\"@type\":\"SearchAction\",\"target\":{\"@type\":\"EntryPoint\",\"urlTemplate\":\"https:\\\/\\\/gentell.com.br\\\/?s={search_term_string}\"},\"query-input\":{\"@type\":\"PropertyValueSpecification\",\"valueRequired\":true,\"valueName\":\"search_term_string\"}}],\"inLanguage\":\"es\"},{\"@type\":\"Organization\",\"@id\":\"https:\\\/\\\/gentell.com.br\\\/#organization\",\"name\":\"Gentell | We make it better\",\"url\":\"https:\\\/\\\/gentell.com.br\\\/\",\"logo\":{\"@type\":\"ImageObject\",\"inLanguage\":\"es\",\"@id\":\"https:\\\/\\\/gentell.com.br\\\/#\\\/schema\\\/logo\\\/image\\\/\",\"url\":\"https:\\\/\\\/gentell.com.br\\\/wp-content\\\/uploads\\\/2021\\\/03\\\/Gentell-Logo.png\",\"contentUrl\":\"https:\\\/\\\/gentell.com.br\\\/wp-content\\\/uploads\\\/2021\\\/03\\\/Gentell-Logo.png\",\"width\":1024,\"height\":276,\"caption\":\"Gentell | We make it better\"},\"image\":{\"@id\":\"https:\\\/\\\/gentell.com.br\\\/#\\\/schema\\\/logo\\\/image\\\/\"}},{\"@type\":\"Person\",\"@id\":\"https:\\\/\\\/gentell.com.br\\\/#\\\/schema\\\/person\\\/6286a1c39b12e6d0a2f45531cb770640\",\"name\":\"bddb\",\"image\":{\"@type\":\"ImageObject\",\"inLanguage\":\"es\",\"@id\":\"https:\\\/\\\/secure.gravatar.com\\\/avatar\\\/cb19dcd75379c7a785722f2de656d1701bd9722e4a7c5df4487edea12250e034?s=96&d=mm&r=g\",\"url\":\"https:\\\/\\\/secure.gravatar.com\\\/avatar\\\/cb19dcd75379c7a785722f2de656d1701bd9722e4a7c5df4487edea12250e034?s=96&d=mm&r=g\",\"contentUrl\":\"https:\\\/\\\/secure.gravatar.com\\\/avatar\\\/cb19dcd75379c7a785722f2de656d1701bd9722e4a7c5df4487edea12250e034?s=96&d=mm&r=g\",\"caption\":\"bddb\"},\"url\":\"https:\\\/\\\/gentell.com.br\\\/es\\\/author\\\/bddb\\\/\"}]}<\/script>\n<!-- \/ Yoast SEO plugin. -->","yoast_head_json":{"title":"Mar\u00e7o Azul: preven\u00e7\u00e3o que come\u00e7a antes dos sintomas - Gentell | We make it better","description":"Mar\u00e7o Azul refor\u00e7a a import\u00e2ncia da preven\u00e7\u00e3o e do diagn\u00f3stico precoce do c\u00e2ncer colorretal. Entenda os sinais, fatores de risco e como se cuidar.","robots":{"index":"index","follow":"follow","max-snippet":"max-snippet:-1","max-image-preview":"max-image-preview:large","max-video-preview":"max-video-preview:-1"},"canonical":"https:\/\/gentell.com.br\/es\/marco-azul-conscientizacao-cancer-colorretal\/","og_locale":"es_ES","og_type":"article","og_title":"Mar\u00e7o Azul: preven\u00e7\u00e3o que come\u00e7a antes dos sintomas - Gentell | We make it better","og_description":"Mar\u00e7o Azul refor\u00e7a a import\u00e2ncia da preven\u00e7\u00e3o e do diagn\u00f3stico precoce do c\u00e2ncer colorretal. Entenda os sinais, fatores de risco e como se cuidar.","og_url":"https:\/\/gentell.com.br\/es\/marco-azul-conscientizacao-cancer-colorretal\/","og_site_name":"Gentell | We make it better","article_published_time":"2026-03-13T19:10:19+00:00","og_image":[{"width":2560,"height":1708,"url":"https:\/\/gentell.com.br\/wp-content\/uploads\/2026\/03\/man-with-prostate-cancer-ribbon-scaled.jpg","type":"image\/jpeg"}],"author":"bddb","twitter_card":"summary_large_image","twitter_misc":{"Escrito por":"bddb","Tiempo de lectura":"2 minutos"},"schema":{"@context":"https:\/\/schema.org","@graph":[{"@type":"Article","@id":"https:\/\/gentell.com.br\/marco-azul-conscientizacao-cancer-colorretal\/#article","isPartOf":{"@id":"https:\/\/gentell.com.br\/marco-azul-conscientizacao-cancer-colorretal\/"},"author":{"name":"bddb","@id":"https:\/\/gentell.com.br\/#\/schema\/person\/6286a1c39b12e6d0a2f45531cb770640"},"headline":"Mar\u00e7o Azul: preven\u00e7\u00e3o que come\u00e7a antes dos sintomas","datePublished":"2026-03-13T19:10:19+00:00","mainEntityOfPage":{"@id":"https:\/\/gentell.com.br\/marco-azul-conscientizacao-cancer-colorretal\/"},"wordCount":374,"commentCount":0,"publisher":{"@id":"https:\/\/gentell.com.br\/#organization"},"image":{"@id":"https:\/\/gentell.com.br\/marco-azul-conscientizacao-cancer-colorretal\/#primaryimage"},"thumbnailUrl":"https:\/\/gentell.com.br\/wp-content\/uploads\/2026\/03\/man-with-prostate-cancer-ribbon-scaled.jpg","articleSection":["Enfermeiros","Not\u00edcias","Pacientes","Paran\u00e1","Santa Catarina"],"inLanguage":"es","potentialAction":[{"@type":"CommentAction","name":"Comment","target":["https:\/\/gentell.com.br\/marco-azul-conscientizacao-cancer-colorretal\/#respond"]}]},{"@type":"WebPage","@id":"https:\/\/gentell.com.br\/marco-azul-conscientizacao-cancer-colorretal\/","url":"https:\/\/gentell.com.br\/marco-azul-conscientizacao-cancer-colorretal\/","name":"Mar\u00e7o Azul: preven\u00e7\u00e3o que come\u00e7a antes dos sintomas - Gentell | We make it better","isPartOf":{"@id":"https:\/\/gentell.com.br\/#website"},"primaryImageOfPage":{"@id":"https:\/\/gentell.com.br\/marco-azul-conscientizacao-cancer-colorretal\/#primaryimage"},"image":{"@id":"https:\/\/gentell.com.br\/marco-azul-conscientizacao-cancer-colorretal\/#primaryimage"},"thumbnailUrl":"https:\/\/gentell.com.br\/wp-content\/uploads\/2026\/03\/man-with-prostate-cancer-ribbon-scaled.jpg","datePublished":"2026-03-13T19:10:19+00:00","description":"Mar\u00e7o Azul refor\u00e7a a import\u00e2ncia da preven\u00e7\u00e3o e do diagn\u00f3stico precoce do c\u00e2ncer colorretal. Entenda os sinais, fatores de risco e como se cuidar.","breadcrumb":{"@id":"https:\/\/gentell.com.br\/marco-azul-conscientizacao-cancer-colorretal\/#breadcrumb"},"inLanguage":"es","potentialAction":[{"@type":"ReadAction","target":["https:\/\/gentell.com.br\/marco-azul-conscientizacao-cancer-colorretal\/"]}]},{"@type":"ImageObject","inLanguage":"es","@id":"https:\/\/gentell.com.br\/marco-azul-conscientizacao-cancer-colorretal\/#primaryimage","url":"https:\/\/gentell.com.br\/wp-content\/uploads\/2026\/03\/man-with-prostate-cancer-ribbon-scaled.jpg","contentUrl":"https:\/\/gentell.com.br\/wp-content\/uploads\/2026\/03\/man-with-prostate-cancer-ribbon-scaled.jpg","width":2560,"height":1708},{"@type":"BreadcrumbList","@id":"https:\/\/gentell.com.br\/marco-azul-conscientizacao-cancer-colorretal\/#breadcrumb","itemListElement":[{"@type":"ListItem","position":1,"name":"In\u00edcio","item":"https:\/\/gentell.com.br\/"},{"@type":"ListItem","position":2,"name":"Mar\u00e7o Azul: preven\u00e7\u00e3o que come\u00e7a antes dos sintomas"}]},{"@type":"WebSite","@id":"https:\/\/gentell.com.br\/#website","url":"https:\/\/gentell.com.br\/","name":"Gentell | We make it better","description":"Bolsa de Colostomia, Curativos e Acess\u00f3rios","publisher":{"@id":"https:\/\/gentell.com.br\/#organization"},"potentialAction":[{"@type":"SearchAction","target":{"@type":"EntryPoint","urlTemplate":"https:\/\/gentell.com.br\/?s={search_term_string}"},"query-input":{"@type":"PropertyValueSpecification","valueRequired":true,"valueName":"search_term_string"}}],"inLanguage":"es"},{"@type":"Organization","@id":"https:\/\/gentell.com.br\/#organization","name":"Gentell | We make it better","url":"https:\/\/gentell.com.br\/","logo":{"@type":"ImageObject","inLanguage":"es","@id":"https:\/\/gentell.com.br\/#\/schema\/logo\/image\/","url":"https:\/\/gentell.com.br\/wp-content\/uploads\/2021\/03\/Gentell-Logo.png","contentUrl":"https:\/\/gentell.com.br\/wp-content\/uploads\/2021\/03\/Gentell-Logo.png","width":1024,"height":276,"caption":"Gentell | We make it better"},"image":{"@id":"https:\/\/gentell.com.br\/#\/schema\/logo\/image\/"}},{"@type":"Person","@id":"https:\/\/gentell.com.br\/#\/schema\/person\/6286a1c39b12e6d0a2f45531cb770640","name":"bddb","image":{"@type":"ImageObject","inLanguage":"es","@id":"https:\/\/secure.gravatar.com\/avatar\/cb19dcd75379c7a785722f2de656d1701bd9722e4a7c5df4487edea12250e034?s=96&d=mm&r=g","url":"https:\/\/secure.gravatar.com\/avatar\/cb19dcd75379c7a785722f2de656d1701bd9722e4a7c5df4487edea12250e034?s=96&d=mm&r=g","contentUrl":"https:\/\/secure.gravatar.com\/avatar\/cb19dcd75379c7a785722f2de656d1701bd9722e4a7c5df4487edea12250e034?s=96&d=mm&r=g","caption":"bddb"},"url":"https:\/\/gentell.com.br\/es\/author\/bddb\/"}]}},"_links":{"self":[{"href":"https:\/\/gentell.com.br\/es\/wp-json\/wp\/v2\/posts\/2847","targetHints":{"allow":["GET"]}}],"collection":[{"href":"https:\/\/gentell.com.br\/es\/wp-json\/wp\/v2\/posts"}],"about":[{"href":"https:\/\/gentell.com.br\/es\/wp-json\/wp\/v2\/types\/post"}],"author":[{"embeddable":true,"href":"https:\/\/gentell.com.br\/es\/wp-json\/wp\/v2\/users\/2"}],"replies":[{"embeddable":true,"href":"https:\/\/gentell.com.br\/es\/wp-json\/wp\/v2\/comments?post=2847"}],"version-history":[{"count":1,"href":"https:\/\/gentell.com.br\/es\/wp-json\/wp\/v2\/posts\/2847\/revisions"}],"predecessor-version":[{"id":2849,"href":"https:\/\/gentell.com.br\/es\/wp-json\/wp\/v2\/posts\/2847\/revisions\/2849"}],"wp:featuredmedia":[{"embeddable":true,"href":"https:\/\/gentell.com.br\/es\/wp-json\/wp\/v2\/media\/2848"}],"wp:attachment":[{"href":"https:\/\/gentell.com.br\/es\/wp-json\/wp\/v2\/media?parent=2847"}],"wp:term":[{"taxonomy":"category","embeddable":true,"href":"https:\/\/gentell.com.br\/es\/wp-json\/wp\/v2\/categories?post=2847"},{"taxonomy":"post_tag","embeddable":true,"href":"https:\/\/gentell.com.br\/es\/wp-json\/wp\/v2\/tags?post=2847"}],"curies":[{"name":"wp","href":"https:\/\/api.w.org\/{rel}","templated":true}]}}