{"id":2885,"date":"2026-08-28T13:22:52","date_gmt":"2026-08-28T16:22:52","guid":{"rendered":"https:\/\/gentell.com.br\/?p=2885"},"modified":"2026-08-28T13:22:52","modified_gmt":"2026-08-28T16:22:52","slug":"a-experiencia-do-paciente-tambem-transforma-o-cuidado-entenda","status":"publish","type":"post","link":"https:\/\/gentell.com.br\/es\/a-experiencia-do-paciente-tambem-transforma-o-cuidado-entenda\/","title":{"rendered":"A experi\u00eancia do paciente tamb\u00e9m transforma o cuidado. Entenda."},"content":{"rendered":"<p align=\"left\">A forma\u00e7\u00e3o profissional, a pesquisa cient\u00edfica e a pr\u00e1tica cl\u00ednica s\u00e3o pilares indispens\u00e1veis do cuidado em sa\u00fade. Mas existe outra fonte de conhecimento que, durante muito tempo, recebeu menos espa\u00e7o do que deveria: a experi\u00eancia de quem vive diariamente uma condi\u00e7\u00e3o de sa\u00fade.<\/p>\n<p align=\"left\">O paciente conhece detalhes da rotina que nem sempre aparecem em consultas, protocolos ou manuais.<\/p>\n<p align=\"left\">Ele sabe como determinado cuidado se encaixa no trabalho, quais dificuldades surgem fora de casa, que situa\u00e7\u00f5es causam inseguran\u00e7a e o que realmente facilita sua autonomia.<\/p>\n<p align=\"left\">Esse conhecimento n\u00e3o substitui a ci\u00eancia. Ele a complementa.<\/p>\n<p align=\"left\">A Organiza\u00e7\u00e3o Mundial da Sa\u00fade reconhece a experi\u00eancia vivida como uma forma de conhecimento capaz de contribuir para melhores pr\u00e1ticas, servi\u00e7os, pol\u00edticas e resultados em sa\u00fade.<\/p>\n<h2><a name=\"_yp5xwfeltqb1\"><\/a> <span style=\"font-size: x-large;\"><b>Ouvir \u00e9 diferente de apenas perguntar<\/b><\/span><\/h2>\n<p align=\"left\">Muitas institui\u00e7\u00f5es afirmam colocar o paciente no centro. Na pr\u00e1tica, por\u00e9m, isso exige mais do que aplicar pesquisas de satisfa\u00e7\u00e3o ou coletar opini\u00f5es depois que todas as decis\u00f5es j\u00e1 foram tomadas.<\/p>\n<p align=\"left\">Participa\u00e7\u00e3o verdadeira significa envolver pessoas desde o in\u00edcio.<\/p>\n<p align=\"left\">Elas podem contribuir para a cria\u00e7\u00e3o de materiais educativos, avalia\u00e7\u00e3o de servi\u00e7os, desenvolvimento de produtos, treinamento de equipes e identifica\u00e7\u00e3o de necessidades ainda n\u00e3o atendidas.<\/p>\n<p align=\"left\">Uma solu\u00e7\u00e3o tecnicamente eficiente pode n\u00e3o funcionar plenamente na rotina se for dif\u00edcil de transportar, compreender, abrir, aplicar ou descartar.<\/p>\n<p align=\"left\">Quem utiliza um produto todos os dias percebe detalhes que dificilmente seriam identificados em um ambiente controlado.<\/p>\n<h2><a name=\"_62bz6ied6hua\"><\/a> <span style=\"font-size: x-large;\"><b>A experi\u00eancia revela o que os indicadores n\u00e3o mostram<\/b><\/span><\/h2>\n<p align=\"left\">N\u00fameros ajudam a avaliar desempenho, ades\u00e3o e resultados. Entretanto, nem sempre explicam como uma pessoa se sente ou quais obst\u00e1culos enfrenta para seguir uma orienta\u00e7\u00e3o.<\/p>\n<p align=\"left\">Dois pacientes podem apresentar condi\u00e7\u00f5es cl\u00ednicas semelhantes e viver experi\u00eancias completamente diferentes.<\/p>\n<p align=\"left\">Um pode contar com apoio familiar, acesso f\u00e1cil a profissionais e flexibilidade no trabalho. Outro pode enfrentar longos deslocamentos, dificuldades financeiras ou falta de privacidade para realizar seus cuidados.<\/p>\n<p align=\"left\">Considerar essas diferen\u00e7as permite construir solu\u00e7\u00f5es mais realistas e humanas.<\/p>\n<h2><a name=\"_iub1xyaws23\"><\/a> <span style=\"font-size: x-large;\"><b>Conhecimento compartilhado melhora o cuidado<\/b><\/span><\/h2>\n<p align=\"left\">Quando profissionais, empresas, pesquisadores, cuidadores e pacientes trabalham juntos, as decis\u00f5es ganham novas perspectivas.<\/p>\n<p align=\"left\">O profissional oferece conhecimento t\u00e9cnico. A pesquisa fornece evid\u00eancias. O paciente apresenta a realidade cotidiana. O cuidador observa necessidades que, muitas vezes, n\u00e3o s\u00e3o verbalizadas.<\/p>\n<p align=\"left\">Nenhuma dessas perspectivas precisa competir com as demais.<\/p>\n<p align=\"left\">A Organiza\u00e7\u00e3o Mundial da Sa\u00fade tamb\u00e9m relaciona o envolvimento de pacientes, fam\u00edlias e comunidades \u00e0 constru\u00e7\u00e3o de servi\u00e7os mais seguros, confi\u00e1veis e centrados nas pessoas.<\/p>\n<p align=\"left\">Na Gentell, acreditamos que cuidar come\u00e7a pela escuta. Porque desenvolver solu\u00e7\u00f5es para pessoas exige reconhecer que elas n\u00e3o s\u00e3o apenas destinat\u00e1rias do cuidado. S\u00e3o participantes ativas na constru\u00e7\u00e3o de tudo o que pode torn\u00e1-lo melhor.<\/p>","protected":false},"excerpt":{"rendered":"<p>A forma\u00e7\u00e3o profissional, a pesquisa cient\u00edfica e a pr\u00e1tica cl\u00ednica s\u00e3o pilares indispens\u00e1veis do cuidado em sa\u00fade. Mas existe outra fonte de conhecimento que, durante muito tempo, recebeu menos espa\u00e7o do que deveria: a experi\u00eancia de quem vive diariamente uma condi\u00e7\u00e3o de sa\u00fade. O paciente conhece detalhes da rotina que nem sempre aparecem em consultas, [&hellip;]<\/p>\n","protected":false},"author":2,"featured_media":2886,"comment_status":"open","ping_status":"open","sticky":false,"template":"","format":"standard","meta":{"footnotes":""},"categories":[7,8],"tags":[],"class_list":["post-2885","post","type-post","status-publish","format-standard","has-post-thumbnail","hentry","category-noticias","category-pacientes"],"acf":[],"yoast_head":"<!-- This site is optimized with the Yoast SEO plugin v28.1 - https:\/\/yoast.com\/product\/yoast-seo-wordpress\/ -->\n<title>Experi\u00eancia do paciente no cuidado em sa\u00fade<\/title>\n<meta name=\"description\" content=\"Entenda como a experi\u00eancia do paciente complementa a ci\u00eancia e contribui para um cuidado em sa\u00fade mais humano, seguro e centrado nas pessoas.\" \/>\n<meta name=\"robots\" content=\"index, follow, max-snippet:-1, max-image-preview:large, max-video-preview:-1\" \/>\n<link rel=\"canonical\" href=\"https:\/\/gentell.com.br\/es\/a-experiencia-do-paciente-tambem-transforma-o-cuidado-entenda\/\" \/>\n<meta property=\"og:locale\" content=\"es_ES\" \/>\n<meta property=\"og:type\" content=\"article\" \/>\n<meta property=\"og:title\" content=\"Experi\u00eancia do paciente no cuidado em sa\u00fade\" \/>\n<meta property=\"og:description\" content=\"Entenda como a experi\u00eancia do paciente complementa a ci\u00eancia e contribui para um cuidado em sa\u00fade mais humano, seguro e centrado nas pessoas.\" \/>\n<meta property=\"og:url\" content=\"https:\/\/gentell.com.br\/es\/a-experiencia-do-paciente-tambem-transforma-o-cuidado-entenda\/\" \/>\n<meta property=\"og:site_name\" content=\"Gentell | We make it better\" \/>\n<meta property=\"article:published_time\" content=\"2026-08-28T16:22:52+00:00\" \/>\n<meta property=\"og:image\" content=\"https:\/\/gentell.com.br\/wp-content\/uploads\/2026\/08\/closeup-support-hands-scaled.jpg\" \/>\n\t<meta property=\"og:image:width\" content=\"2560\" \/>\n\t<meta property=\"og:image:height\" content=\"1777\" \/>\n\t<meta property=\"og:image:type\" content=\"image\/jpeg\" \/>\n<meta name=\"author\" content=\"bddb\" \/>\n<meta name=\"twitter:card\" content=\"summary_large_image\" \/>\n<meta name=\"twitter:label1\" content=\"Escrito por\" \/>\n\t<meta name=\"twitter:data1\" content=\"bddb\" \/>\n\t<meta name=\"twitter:label2\" content=\"Tiempo de lectura\" \/>\n\t<meta name=\"twitter:data2\" content=\"3 minutos\" \/>\n<script type=\"application\/ld+json\" class=\"yoast-schema-graph\">{\"@context\":\"https:\\\/\\\/schema.org\",\"@graph\":[{\"@type\":\"Article\",\"@id\":\"https:\\\/\\\/gentell.com.br\\\/a-experiencia-do-paciente-tambem-transforma-o-cuidado-entenda\\\/#article\",\"isPartOf\":{\"@id\":\"https:\\\/\\\/gentell.com.br\\\/a-experiencia-do-paciente-tambem-transforma-o-cuidado-entenda\\\/\"},\"author\":{\"name\":\"bddb\",\"@id\":\"https:\\\/\\\/gentell.com.br\\\/#\\\/schema\\\/person\\\/6286a1c39b12e6d0a2f45531cb770640\"},\"headline\":\"A experi\u00eancia do paciente tamb\u00e9m transforma o cuidado. Entenda.\",\"datePublished\":\"2026-08-28T16:22:52+00:00\",\"mainEntityOfPage\":{\"@id\":\"https:\\\/\\\/gentell.com.br\\\/a-experiencia-do-paciente-tambem-transforma-o-cuidado-entenda\\\/\"},\"wordCount\":502,\"commentCount\":0,\"publisher\":{\"@id\":\"https:\\\/\\\/gentell.com.br\\\/#organization\"},\"image\":{\"@id\":\"https:\\\/\\\/gentell.com.br\\\/a-experiencia-do-paciente-tambem-transforma-o-cuidado-entenda\\\/#primaryimage\"},\"thumbnailUrl\":\"https:\\\/\\\/gentell.com.br\\\/wp-content\\\/uploads\\\/2026\\\/08\\\/closeup-support-hands-scaled.jpg\",\"articleSection\":[\"Not\u00edcias\",\"Pacientes\"],\"inLanguage\":\"es\",\"potentialAction\":[{\"@type\":\"CommentAction\",\"name\":\"Comment\",\"target\":[\"https:\\\/\\\/gentell.com.br\\\/a-experiencia-do-paciente-tambem-transforma-o-cuidado-entenda\\\/#respond\"]}]},{\"@type\":\"WebPage\",\"@id\":\"https:\\\/\\\/gentell.com.br\\\/a-experiencia-do-paciente-tambem-transforma-o-cuidado-entenda\\\/\",\"url\":\"https:\\\/\\\/gentell.com.br\\\/a-experiencia-do-paciente-tambem-transforma-o-cuidado-entenda\\\/\",\"name\":\"Experi\u00eancia do paciente no cuidado em sa\u00fade\",\"isPartOf\":{\"@id\":\"https:\\\/\\\/gentell.com.br\\\/#website\"},\"primaryImageOfPage\":{\"@id\":\"https:\\\/\\\/gentell.com.br\\\/a-experiencia-do-paciente-tambem-transforma-o-cuidado-entenda\\\/#primaryimage\"},\"image\":{\"@id\":\"https:\\\/\\\/gentell.com.br\\\/a-experiencia-do-paciente-tambem-transforma-o-cuidado-entenda\\\/#primaryimage\"},\"thumbnailUrl\":\"https:\\\/\\\/gentell.com.br\\\/wp-content\\\/uploads\\\/2026\\\/08\\\/closeup-support-hands-scaled.jpg\",\"datePublished\":\"2026-08-28T16:22:52+00:00\",\"description\":\"Entenda como a experi\u00eancia do paciente complementa a ci\u00eancia e contribui para um cuidado em sa\u00fade mais humano, seguro e centrado nas pessoas.\",\"breadcrumb\":{\"@id\":\"https:\\\/\\\/gentell.com.br\\\/a-experiencia-do-paciente-tambem-transforma-o-cuidado-entenda\\\/#breadcrumb\"},\"inLanguage\":\"es\",\"potentialAction\":[{\"@type\":\"ReadAction\",\"target\":[\"https:\\\/\\\/gentell.com.br\\\/a-experiencia-do-paciente-tambem-transforma-o-cuidado-entenda\\\/\"]}]},{\"@type\":\"ImageObject\",\"inLanguage\":\"es\",\"@id\":\"https:\\\/\\\/gentell.com.br\\\/a-experiencia-do-paciente-tambem-transforma-o-cuidado-entenda\\\/#primaryimage\",\"url\":\"https:\\\/\\\/gentell.com.br\\\/wp-content\\\/uploads\\\/2026\\\/08\\\/closeup-support-hands-scaled.jpg\",\"contentUrl\":\"https:\\\/\\\/gentell.com.br\\\/wp-content\\\/uploads\\\/2026\\\/08\\\/closeup-support-hands-scaled.jpg\",\"width\":2560,\"height\":1777,\"caption\":\"Closeup of a support hands\"},{\"@type\":\"BreadcrumbList\",\"@id\":\"https:\\\/\\\/gentell.com.br\\\/a-experiencia-do-paciente-tambem-transforma-o-cuidado-entenda\\\/#breadcrumb\",\"itemListElement\":[{\"@type\":\"ListItem\",\"position\":1,\"name\":\"In\u00edcio\",\"item\":\"https:\\\/\\\/gentell.com.br\\\/\"},{\"@type\":\"ListItem\",\"position\":2,\"name\":\"A experi\u00eancia do paciente tamb\u00e9m transforma o cuidado. Entenda.\"}]},{\"@type\":\"WebSite\",\"@id\":\"https:\\\/\\\/gentell.com.br\\\/#website\",\"url\":\"https:\\\/\\\/gentell.com.br\\\/\",\"name\":\"Gentell | We make it better\",\"description\":\"Bolsa de Colostomia, Curativos e Acess\u00f3rios\",\"publisher\":{\"@id\":\"https:\\\/\\\/gentell.com.br\\\/#organization\"},\"potentialAction\":[{\"@type\":\"SearchAction\",\"target\":{\"@type\":\"EntryPoint\",\"urlTemplate\":\"https:\\\/\\\/gentell.com.br\\\/?s={search_term_string}\"},\"query-input\":{\"@type\":\"PropertyValueSpecification\",\"valueRequired\":true,\"valueName\":\"search_term_string\"}}],\"inLanguage\":\"es\"},{\"@type\":\"Organization\",\"@id\":\"https:\\\/\\\/gentell.com.br\\\/#organization\",\"name\":\"Gentell | We make it better\",\"url\":\"https:\\\/\\\/gentell.com.br\\\/\",\"logo\":{\"@type\":\"ImageObject\",\"inLanguage\":\"es\",\"@id\":\"https:\\\/\\\/gentell.com.br\\\/#\\\/schema\\\/logo\\\/image\\\/\",\"url\":\"https:\\\/\\\/gentell.com.br\\\/wp-content\\\/uploads\\\/2021\\\/03\\\/Gentell-Logo.png\",\"contentUrl\":\"https:\\\/\\\/gentell.com.br\\\/wp-content\\\/uploads\\\/2021\\\/03\\\/Gentell-Logo.png\",\"width\":1024,\"height\":276,\"caption\":\"Gentell | We make it better\"},\"image\":{\"@id\":\"https:\\\/\\\/gentell.com.br\\\/#\\\/schema\\\/logo\\\/image\\\/\"}},{\"@type\":\"Person\",\"@id\":\"https:\\\/\\\/gentell.com.br\\\/#\\\/schema\\\/person\\\/6286a1c39b12e6d0a2f45531cb770640\",\"name\":\"bddb\",\"image\":{\"@type\":\"ImageObject\",\"inLanguage\":\"es\",\"@id\":\"https:\\\/\\\/secure.gravatar.com\\\/avatar\\\/cb19dcd75379c7a785722f2de656d1701bd9722e4a7c5df4487edea12250e034?s=96&d=mm&r=g\",\"url\":\"https:\\\/\\\/secure.gravatar.com\\\/avatar\\\/cb19dcd75379c7a785722f2de656d1701bd9722e4a7c5df4487edea12250e034?s=96&d=mm&r=g\",\"contentUrl\":\"https:\\\/\\\/secure.gravatar.com\\\/avatar\\\/cb19dcd75379c7a785722f2de656d1701bd9722e4a7c5df4487edea12250e034?s=96&d=mm&r=g\",\"caption\":\"bddb\"},\"url\":\"https:\\\/\\\/gentell.com.br\\\/es\\\/author\\\/bddb\\\/\"}]}<\/script>\n<!-- \/ Yoast SEO plugin. -->","yoast_head_json":{"title":"Experi\u00eancia do paciente no cuidado em sa\u00fade","description":"Entenda como a experi\u00eancia do paciente complementa a ci\u00eancia e contribui para um cuidado em sa\u00fade mais humano, seguro e centrado nas pessoas.","robots":{"index":"index","follow":"follow","max-snippet":"max-snippet:-1","max-image-preview":"max-image-preview:large","max-video-preview":"max-video-preview:-1"},"canonical":"https:\/\/gentell.com.br\/es\/a-experiencia-do-paciente-tambem-transforma-o-cuidado-entenda\/","og_locale":"es_ES","og_type":"article","og_title":"Experi\u00eancia do paciente no cuidado em sa\u00fade","og_description":"Entenda como a experi\u00eancia do paciente complementa a ci\u00eancia e contribui para um cuidado em sa\u00fade mais humano, seguro e centrado nas pessoas.","og_url":"https:\/\/gentell.com.br\/es\/a-experiencia-do-paciente-tambem-transforma-o-cuidado-entenda\/","og_site_name":"Gentell | We make it better","article_published_time":"2026-08-28T16:22:52+00:00","og_image":[{"width":2560,"height":1777,"url":"https:\/\/gentell.com.br\/wp-content\/uploads\/2026\/08\/closeup-support-hands-scaled.jpg","type":"image\/jpeg"}],"author":"bddb","twitter_card":"summary_large_image","twitter_misc":{"Escrito por":"bddb","Tiempo de lectura":"3 minutos"},"schema":{"@context":"https:\/\/schema.org","@graph":[{"@type":"Article","@id":"https:\/\/gentell.com.br\/a-experiencia-do-paciente-tambem-transforma-o-cuidado-entenda\/#article","isPartOf":{"@id":"https:\/\/gentell.com.br\/a-experiencia-do-paciente-tambem-transforma-o-cuidado-entenda\/"},"author":{"name":"bddb","@id":"https:\/\/gentell.com.br\/#\/schema\/person\/6286a1c39b12e6d0a2f45531cb770640"},"headline":"A experi\u00eancia do paciente tamb\u00e9m transforma o cuidado. Entenda.","datePublished":"2026-08-28T16:22:52+00:00","mainEntityOfPage":{"@id":"https:\/\/gentell.com.br\/a-experiencia-do-paciente-tambem-transforma-o-cuidado-entenda\/"},"wordCount":502,"commentCount":0,"publisher":{"@id":"https:\/\/gentell.com.br\/#organization"},"image":{"@id":"https:\/\/gentell.com.br\/a-experiencia-do-paciente-tambem-transforma-o-cuidado-entenda\/#primaryimage"},"thumbnailUrl":"https:\/\/gentell.com.br\/wp-content\/uploads\/2026\/08\/closeup-support-hands-scaled.jpg","articleSection":["Not\u00edcias","Pacientes"],"inLanguage":"es","potentialAction":[{"@type":"CommentAction","name":"Comment","target":["https:\/\/gentell.com.br\/a-experiencia-do-paciente-tambem-transforma-o-cuidado-entenda\/#respond"]}]},{"@type":"WebPage","@id":"https:\/\/gentell.com.br\/a-experiencia-do-paciente-tambem-transforma-o-cuidado-entenda\/","url":"https:\/\/gentell.com.br\/a-experiencia-do-paciente-tambem-transforma-o-cuidado-entenda\/","name":"Experi\u00eancia do paciente no cuidado em sa\u00fade","isPartOf":{"@id":"https:\/\/gentell.com.br\/#website"},"primaryImageOfPage":{"@id":"https:\/\/gentell.com.br\/a-experiencia-do-paciente-tambem-transforma-o-cuidado-entenda\/#primaryimage"},"image":{"@id":"https:\/\/gentell.com.br\/a-experiencia-do-paciente-tambem-transforma-o-cuidado-entenda\/#primaryimage"},"thumbnailUrl":"https:\/\/gentell.com.br\/wp-content\/uploads\/2026\/08\/closeup-support-hands-scaled.jpg","datePublished":"2026-08-28T16:22:52+00:00","description":"Entenda como a experi\u00eancia do paciente complementa a ci\u00eancia e contribui para um cuidado em sa\u00fade mais humano, seguro e centrado nas pessoas.","breadcrumb":{"@id":"https:\/\/gentell.com.br\/a-experiencia-do-paciente-tambem-transforma-o-cuidado-entenda\/#breadcrumb"},"inLanguage":"es","potentialAction":[{"@type":"ReadAction","target":["https:\/\/gentell.com.br\/a-experiencia-do-paciente-tambem-transforma-o-cuidado-entenda\/"]}]},{"@type":"ImageObject","inLanguage":"es","@id":"https:\/\/gentell.com.br\/a-experiencia-do-paciente-tambem-transforma-o-cuidado-entenda\/#primaryimage","url":"https:\/\/gentell.com.br\/wp-content\/uploads\/2026\/08\/closeup-support-hands-scaled.jpg","contentUrl":"https:\/\/gentell.com.br\/wp-content\/uploads\/2026\/08\/closeup-support-hands-scaled.jpg","width":2560,"height":1777,"caption":"Closeup of a support hands"},{"@type":"BreadcrumbList","@id":"https:\/\/gentell.com.br\/a-experiencia-do-paciente-tambem-transforma-o-cuidado-entenda\/#breadcrumb","itemListElement":[{"@type":"ListItem","position":1,"name":"In\u00edcio","item":"https:\/\/gentell.com.br\/"},{"@type":"ListItem","position":2,"name":"A experi\u00eancia do paciente tamb\u00e9m transforma o cuidado. Entenda."}]},{"@type":"WebSite","@id":"https:\/\/gentell.com.br\/#website","url":"https:\/\/gentell.com.br\/","name":"Gentell | We make it better","description":"Bolsa de Colostomia, Curativos e Acess\u00f3rios","publisher":{"@id":"https:\/\/gentell.com.br\/#organization"},"potentialAction":[{"@type":"SearchAction","target":{"@type":"EntryPoint","urlTemplate":"https:\/\/gentell.com.br\/?s={search_term_string}"},"query-input":{"@type":"PropertyValueSpecification","valueRequired":true,"valueName":"search_term_string"}}],"inLanguage":"es"},{"@type":"Organization","@id":"https:\/\/gentell.com.br\/#organization","name":"Gentell | We make it better","url":"https:\/\/gentell.com.br\/","logo":{"@type":"ImageObject","inLanguage":"es","@id":"https:\/\/gentell.com.br\/#\/schema\/logo\/image\/","url":"https:\/\/gentell.com.br\/wp-content\/uploads\/2021\/03\/Gentell-Logo.png","contentUrl":"https:\/\/gentell.com.br\/wp-content\/uploads\/2021\/03\/Gentell-Logo.png","width":1024,"height":276,"caption":"Gentell | We make it better"},"image":{"@id":"https:\/\/gentell.com.br\/#\/schema\/logo\/image\/"}},{"@type":"Person","@id":"https:\/\/gentell.com.br\/#\/schema\/person\/6286a1c39b12e6d0a2f45531cb770640","name":"bddb","image":{"@type":"ImageObject","inLanguage":"es","@id":"https:\/\/secure.gravatar.com\/avatar\/cb19dcd75379c7a785722f2de656d1701bd9722e4a7c5df4487edea12250e034?s=96&d=mm&r=g","url":"https:\/\/secure.gravatar.com\/avatar\/cb19dcd75379c7a785722f2de656d1701bd9722e4a7c5df4487edea12250e034?s=96&d=mm&r=g","contentUrl":"https:\/\/secure.gravatar.com\/avatar\/cb19dcd75379c7a785722f2de656d1701bd9722e4a7c5df4487edea12250e034?s=96&d=mm&r=g","caption":"bddb"},"url":"https:\/\/gentell.com.br\/es\/author\/bddb\/"}]}},"_links":{"self":[{"href":"https:\/\/gentell.com.br\/es\/wp-json\/wp\/v2\/posts\/2885","targetHints":{"allow":["GET"]}}],"collection":[{"href":"https:\/\/gentell.com.br\/es\/wp-json\/wp\/v2\/posts"}],"about":[{"href":"https:\/\/gentell.com.br\/es\/wp-json\/wp\/v2\/types\/post"}],"author":[{"embeddable":true,"href":"https:\/\/gentell.com.br\/es\/wp-json\/wp\/v2\/users\/2"}],"replies":[{"embeddable":true,"href":"https:\/\/gentell.com.br\/es\/wp-json\/wp\/v2\/comments?post=2885"}],"version-history":[{"count":1,"href":"https:\/\/gentell.com.br\/es\/wp-json\/wp\/v2\/posts\/2885\/revisions"}],"predecessor-version":[{"id":2887,"href":"https:\/\/gentell.com.br\/es\/wp-json\/wp\/v2\/posts\/2885\/revisions\/2887"}],"wp:featuredmedia":[{"embeddable":true,"href":"https:\/\/gentell.com.br\/es\/wp-json\/wp\/v2\/media\/2886"}],"wp:attachment":[{"href":"https:\/\/gentell.com.br\/es\/wp-json\/wp\/v2\/media?parent=2885"}],"wp:term":[{"taxonomy":"category","embeddable":true,"href":"https:\/\/gentell.com.br\/es\/wp-json\/wp\/v2\/categories?post=2885"},{"taxonomy":"post_tag","embeddable":true,"href":"https:\/\/gentell.com.br\/es\/wp-json\/wp\/v2\/tags?post=2885"}],"curies":[{"name":"wp","href":"https:\/\/api.w.org\/{rel}","templated":true}]}}